{"id":19382,"date":"2019-12-27T00:00:00","date_gmt":"2019-12-27T03:00:00","guid":{"rendered":"https:\/\/www.radioamigavallenar.cl\/?p=19382"},"modified":"2019-12-27T12:45:17","modified_gmt":"2019-12-27T15:45:17","slug":"nforme-final-consulta-ciudadana-92-por-ciento-de-acuerdo-con-nueva-constitucion","status":"publish","type":"post","link":"https:\/\/www.radioamigavallenar.cl\/?p=19382","title":{"rendered":"Informe final Consulta Ciudadana: 92 por ciento de acuerdo con nueva Constituci\u00f3n"},"content":{"rendered":"\n<figure class=\"wp-block-image size-large\"><img loading=\"lazy\" decoding=\"async\" width=\"940\" height=\"585\" src=\"https:\/\/www.radioamigavallenar.cl\/wp-content\/uploads\/2019\/12\/consulta-1.jpg\" alt=\"\" class=\"wp-image-19383\" srcset=\"https:\/\/www.radioamigavallenar.cl\/wp-content\/uploads\/2019\/12\/consulta-1.jpg 940w, https:\/\/www.radioamigavallenar.cl\/wp-content\/uploads\/2019\/12\/consulta-1-300x187.jpg 300w, https:\/\/www.radioamigavallenar.cl\/wp-content\/uploads\/2019\/12\/consulta-1-768x478.jpg 768w\" sizes=\"auto, (max-width: 940px) 100vw, 940px\" \/><\/figure>\n\n\n\n<p>En tanto el 71% de las preferencias fueron para que la nueva Carta Fundamental sea hecha mediante una Convenci\u00f3n Constitucional.<\/p>\n\n\n\n<p>El presidente de la&nbsp;Asociaci\u00f3n Chilena de Municipalidades (AChM),&nbsp;Germ\u00e1n Codina, entreg\u00f3 los resultados finales de la&nbsp;\u201cConsulta Ciudadana Municipal\u201d&nbsp;desarrollada el pasado 15 de diciembre, en donde participaron cerca de&nbsp;2.500.000 de personas.<\/p>\n\n\n\n<p>La instancia que uni\u00f3 a&nbsp;225 comunas,&nbsp;resalt\u00f3 entre sus resultados la alta aprobaci\u00f3n que tuvo la pregunta n\u00famero uno, en donde el&nbsp;92%&nbsp;de los votos indic\u00f3 que estaba de acuerdo con la creaci\u00f3n de una&nbsp;nueva Constituci\u00f3n. A ello se suma que el&nbsp;71%&nbsp;indic\u00f3 preferir que esta nueva Carta Magna se realice mediante la&nbsp;Convenci\u00f3n Constitucional,&nbsp;mientras que&nbsp; el&nbsp;25%&nbsp;eligi\u00f3 como alternativa la&nbsp;Convenci\u00f3n Mixta.<\/p>\n\n\n\n<p>Otro resultado a destacar es el&nbsp;86%&nbsp;de las preferencias que se mostraron de acuerdo a que el&nbsp;voto sea siempre obligatorio. Cifra similar tambi\u00e9n se\u00f1al\u00f3 que los&nbsp;municipios debiesen tener m\u00e1s atribuciones y recursos&nbsp;con un&nbsp;87%&nbsp;de los votos.<\/p>\n\n\n\n<p>En cuanto a la pregunta \u00bfcu\u00e1les son las tres demandas sociales m\u00e1s importantes?, en donde se ten\u00edan que escoger tres opciones, la alternativa m\u00e1s escogida fue \u00abMejorar las pensiones y dignificar la calidad de vida de los adultos mayores\u00bb con 1.263.00 votos ,seguida de \u00abMejorar la calidad de la salud p\u00fablica y sus financiamiento\u00bb con 1.194.507 de las preferencias. En el tercer lugar en tanto, se posicion\u00f3 \u00abAcceso y calidad de la educaci\u00f3n p\u00fablica\u00bb con 819.919 de las inclinaciones.<\/p>\n\n\n\n<p>De igual modo se pregunt\u00f3 acerca de que exista un<strong>&nbsp;<\/strong>IVA rebajado para productos de primera necesidad, en donde el&nbsp;92%&nbsp;se\u00f1al\u00f3 estar a favor de esta idea.<\/p>\n\n\n\n<p>Las comunas con mayor participaci\u00f3n son pertenecientes a al regi\u00f3n Metropolitana como es el caso de&nbsp;Puente Alto&nbsp;(1\u00b0) y&nbsp;Maip\u00fa&nbsp;(2\u00b0), mientras que desde afuera de la capital se destacan&nbsp;Vi\u00f1a del Mar y Valpara\u00edso&nbsp;con el 3\u00b0 y 4\u00b0 puesto respectivamente.<\/p>\n\n\n\n<p>En tanto,&nbsp;las comunas que menos participaron&nbsp;en esta consulta fueron&nbsp;Macul, Talca y La Pintana.<\/p>\n","protected":false},"excerpt":{"rendered":"<p>En tanto el 71% de las preferencias fueron para que la nueva Carta Fundamental sea hecha mediante una Convenci\u00f3n Constitucional. El presidente de la&nbsp;Asociaci\u00f3n Chilena&hellip; <\/p>\n","protected":false},"author":2,"featured_media":19383,"comment_status":"open","ping_status":"closed","sticky":false,"template":"","format":"standard","meta":{"footnotes":""},"categories":[37],"tags":[],"class_list":["post-19382","post","type-post","status-publish","format-standard","has-post-thumbnail","hentry","category-nacional"],"_links":{"self":[{"href":"https:\/\/www.radioamigavallenar.cl\/index.php?rest_route=\/wp\/v2\/posts\/19382","targetHints":{"allow":["GET"]}}],"collection":[{"href":"https:\/\/www.radioamigavallenar.cl\/index.php?rest_route=\/wp\/v2\/posts"}],"about":[{"href":"https:\/\/www.radioamigavallenar.cl\/index.php?rest_route=\/wp\/v2\/types\/post"}],"author":[{"embeddable":true,"href":"https:\/\/www.radioamigavallenar.cl\/index.php?rest_route=\/wp\/v2\/users\/2"}],"replies":[{"embeddable":true,"href":"https:\/\/www.radioamigavallenar.cl\/index.php?rest_route=%2Fwp%2Fv2%2Fcomments&post=19382"}],"version-history":[{"count":0,"href":"https:\/\/www.radioamigavallenar.cl\/index.php?rest_route=\/wp\/v2\/posts\/19382\/revisions"}],"wp:featuredmedia":[{"embeddable":true,"href":"https:\/\/www.radioamigavallenar.cl\/index.php?rest_route=\/wp\/v2\/media\/19383"}],"wp:attachment":[{"href":"https:\/\/www.radioamigavallenar.cl\/index.php?rest_route=%2Fwp%2Fv2%2Fmedia&parent=19382"}],"wp:term":[{"taxonomy":"category","embeddable":true,"href":"https:\/\/www.radioamigavallenar.cl\/index.php?rest_route=%2Fwp%2Fv2%2Fcategories&post=19382"},{"taxonomy":"post_tag","embeddable":true,"href":"https:\/\/www.radioamigavallenar.cl\/index.php?rest_route=%2Fwp%2Fv2%2Ftags&post=19382"}],"curies":[{"name":"wp","href":"https:\/\/api.w.org\/{rel}","templated":true}]}}