{"id":19321,"date":"2019-12-23T00:00:00","date_gmt":"2019-12-23T03:00:00","guid":{"rendered":"https:\/\/www.radioamigavallenar.cl\/?p=19321"},"modified":"2019-12-22T21:50:43","modified_gmt":"2019-12-23T00:50:43","slug":"la-mineria-mantiene-un-rol-protagonico-en-la-economia-nacional-pese-a-crisis-social","status":"publish","type":"post","link":"https:\/\/www.radioamigavallenar.cl\/?p=19321","title":{"rendered":"La miner\u00eda mantiene un rol protag\u00f3nico en la econom\u00eda nacional, pese a crisis social"},"content":{"rendered":"\n<figure class=\"wp-block-image size-large\"><img loading=\"lazy\" decoding=\"async\" width=\"1024\" height=\"640\" src=\"https:\/\/www.radioamigavallenar.cl\/wp-content\/uploads\/2019\/12\/MINERIAS3-1024x640-1.jpg\" alt=\"\" class=\"wp-image-19322\" srcset=\"https:\/\/www.radioamigavallenar.cl\/wp-content\/uploads\/2019\/12\/MINERIAS3-1024x640-1.jpg 1024w, https:\/\/www.radioamigavallenar.cl\/wp-content\/uploads\/2019\/12\/MINERIAS3-1024x640-1-300x188.jpg 300w, https:\/\/www.radioamigavallenar.cl\/wp-content\/uploads\/2019\/12\/MINERIAS3-1024x640-1-768x480.jpg 768w\" sizes=\"auto, (max-width: 1024px) 100vw, 1024px\" \/><\/figure>\n\n\n\n<p>Desde el inicio de la crisis social el pasado 18 de octubre, se ha registrado un fuerte impacto en la econom\u00eda del pa\u00eds. sin embargo, aparentemente el sector minero no se habr\u00eda visto mayormente afectado por esta situaci\u00f3n, al menos desde una perspectiva de la producci\u00f3n, ya que ha mantenido su continuidad operacional.<\/p>\n\n\n\n<p>Los principales \u00edndices de la econom\u00eda del mes de octubre en chile, presentaron un sombr\u00edo panorama para los pr\u00f3ximos tres meses. \u00abSin embargo, es importante detenerse a analizar tanto el imacec como el ipom, para comprender el rol que est\u00e1 teniendo la miner\u00eda en esta contingencia econ\u00f3mica\u00bb, explic\u00f3 Daniela Desormeaux (<em>desorm\u00f3<\/em>), directora de cesco y ceo de la consultora signum box.<\/p>\n\n\n\n<p>La economista explica que el imacec de octubre dio cuenta de una ca\u00edda de 3,4% en doce meses, la que se da debido a una contracci\u00f3n en el imacec no minero, que fue de -4,0% en doce meses, dado que el componente minero se expandi\u00f3 2% en igual periodo. en t\u00e9rminos desestacionalizados, el diferencial entre ambos indicadores es a\u00fan mayor. Mientras el imacec no minero cae un 6,1% en relaci\u00f3n al mes previo, el \u00edndice asociado a la miner\u00eda se expande un 0,9%.<\/p>\n\n\n\n<p>Por otro lado, Desormeaux afirma que, \u00absi bien en octubre el \u00edndice de producci\u00f3n minera que elabora el INE anot\u00f3 una ca\u00edda de 1,7% en doce meses (por menor producci\u00f3n de hierro), en t\u00e9rminos desestacionalizados el indicador aument\u00f3 un 0,4% en relaci\u00f3n a septiembre\u00bb. a esto se suma que cochilco report\u00f3 que durante el mes de octubre la producci\u00f3n de cobre fue de 490.000 toneladas, lo que es un 1,1% superior a la media de la producci\u00f3n mensual de los \u00faltimos doce meses.<\/p>\n\n\n\n<p>Desde el punto de vista de la demanda agregada, el banco central espera una ca\u00edda de la inversi\u00f3n de 4,0% para 2020, debido a una contracci\u00f3n en la inversi\u00f3n no minera. en efecto, sostiene Desormeaux, \u00aben el \u00faltimo ipom el banco central afirma que el desarrollo de los principales proyectos de inversi\u00f3n minera no se ha visto afectado por la crisis social\u00bb.<\/p>\n\n\n\n<p>\u00abCon todo, hay que estar atentos a c\u00f3mo evolucionan los indicadores sectoriales en noviembre y diciembre, de modo de evaluar el impacto real que ha tenido la crisis social en la miner\u00eda y su efecto hacia el primer trimestre de 2020\u00bb, finaliza.<\/p>\n","protected":false},"excerpt":{"rendered":"<p>Desde el inicio de la crisis social el pasado 18 de octubre, se ha registrado un fuerte impacto en la econom\u00eda del pa\u00eds. sin embargo,&hellip; <\/p>\n","protected":false},"author":2,"featured_media":19322,"comment_status":"open","ping_status":"closed","sticky":false,"template":"","format":"standard","meta":{"footnotes":""},"categories":[34,37],"tags":[],"class_list":["post-19321","post","type-post","status-publish","format-standard","has-post-thumbnail","hentry","category-mineria","category-nacional"],"_links":{"self":[{"href":"https:\/\/www.radioamigavallenar.cl\/index.php?rest_route=\/wp\/v2\/posts\/19321","targetHints":{"allow":["GET"]}}],"collection":[{"href":"https:\/\/www.radioamigavallenar.cl\/index.php?rest_route=\/wp\/v2\/posts"}],"about":[{"href":"https:\/\/www.radioamigavallenar.cl\/index.php?rest_route=\/wp\/v2\/types\/post"}],"author":[{"embeddable":true,"href":"https:\/\/www.radioamigavallenar.cl\/index.php?rest_route=\/wp\/v2\/users\/2"}],"replies":[{"embeddable":true,"href":"https:\/\/www.radioamigavallenar.cl\/index.php?rest_route=%2Fwp%2Fv2%2Fcomments&post=19321"}],"version-history":[{"count":0,"href":"https:\/\/www.radioamigavallenar.cl\/index.php?rest_route=\/wp\/v2\/posts\/19321\/revisions"}],"wp:featuredmedia":[{"embeddable":true,"href":"https:\/\/www.radioamigavallenar.cl\/index.php?rest_route=\/wp\/v2\/media\/19322"}],"wp:attachment":[{"href":"https:\/\/www.radioamigavallenar.cl\/index.php?rest_route=%2Fwp%2Fv2%2Fmedia&parent=19321"}],"wp:term":[{"taxonomy":"category","embeddable":true,"href":"https:\/\/www.radioamigavallenar.cl\/index.php?rest_route=%2Fwp%2Fv2%2Fcategories&post=19321"},{"taxonomy":"post_tag","embeddable":true,"href":"https:\/\/www.radioamigavallenar.cl\/index.php?rest_route=%2Fwp%2Fv2%2Ftags&post=19321"}],"curies":[{"name":"wp","href":"https:\/\/api.w.org\/{rel}","templated":true}]}}