{"id":19318,"date":"2019-12-23T00:00:00","date_gmt":"2019-12-23T03:00:00","guid":{"rendered":"https:\/\/www.radioamigavallenar.cl\/?p=19318"},"modified":"2019-12-22T21:49:10","modified_gmt":"2019-12-23T00:49:10","slug":"diputado-santana-por-avance-en-nueva-constitucion-estamos-frente-a-un-momento-historico","status":"publish","type":"post","link":"https:\/\/www.radioamigavallenar.cl\/?p=19318","title":{"rendered":"Diputado Santana por avance en nueva Constituci\u00f3n: \u201cEstamos frente a un momento hist\u00f3rico\u201d"},"content":{"rendered":"\n<figure class=\"wp-block-image size-large\"><img loading=\"lazy\" decoding=\"async\" width=\"1024\" height=\"682\" src=\"https:\/\/www.radioamigavallenar.cl\/wp-content\/uploads\/2019\/12\/Diputado-Juan-Santana-1024x682.jpg\" alt=\"\" class=\"wp-image-19319\" srcset=\"https:\/\/www.radioamigavallenar.cl\/wp-content\/uploads\/2019\/12\/Diputado-Juan-Santana-1024x682.jpg 1024w, https:\/\/www.radioamigavallenar.cl\/wp-content\/uploads\/2019\/12\/Diputado-Juan-Santana-300x200.jpg 300w, https:\/\/www.radioamigavallenar.cl\/wp-content\/uploads\/2019\/12\/Diputado-Juan-Santana-768x512.jpg 768w, https:\/\/www.radioamigavallenar.cl\/wp-content\/uploads\/2019\/12\/Diputado-Juan-Santana.jpg 1280w\" sizes=\"auto, (max-width: 1024px) 100vw, 1024px\" \/><\/figure>\n\n\n\n<p>El parlamentario por Atacama destac\u00f3 que la C\u00e1mara aprobara la paridad de g\u00e9nero, pactos para independientes y esca\u00f1os para pueblos originarios en proceso constituyente.<\/p>\n\n\n\n<p>La C\u00e1mara de Diputados aprob\u00f3 &nbsp;los proyectos de reforma constitucional que establece la paridad de g\u00e9nero, la participaci\u00f3n de independientes y los puestos reservados para pueblos originarios en el proceso constituyente, revirti\u00e9ndose el rechazo que hab\u00eda ocurrido anteriormente.<\/p>\n\n\n\n<p>Ante esto, el parlamentario por Atacama, Juan Santana, valor\u00f3 que el pa\u00eds est\u00e9 comenzando a dejar atr\u00e1s una Constituci\u00f3n que naci\u00f3 en dictadura por una que ver\u00e1 la luz en democracia. \u201cEstamos frente a un momento hist\u00f3rico\u201d, se\u00f1al\u00f3.<\/p>\n\n\n\n<p>Los diputados y diputadas aprobaron en general el proyecto por 144 a favor y solo un voto en contra. Sobre esto, Santana coment\u00f3 que \u201cestas indicaciones permitir\u00e1n que la futura instancia constituyente tenga cupos reservados para pueblos originarios y que \u00e9sta sea paritaria entre hombres y mujeres, entregando un m\u00ednimo de justicia en nuestra sociedad\u201d.<\/p>\n\n\n\n<p>Con esto, ahora los proyectos pasar\u00e1n a su segundo tr\u00e1mite constitucional, que lo ver\u00e1 el Senado.<\/p>\n","protected":false},"excerpt":{"rendered":"<p>El parlamentario por Atacama destac\u00f3 que la C\u00e1mara aprobara la paridad de g\u00e9nero, pactos para independientes y esca\u00f1os para pueblos originarios en proceso constituyente. La&hellip; <\/p>\n","protected":false},"author":2,"featured_media":19319,"comment_status":"open","ping_status":"closed","sticky":false,"template":"","format":"standard","meta":{"footnotes":""},"categories":[7],"tags":[],"class_list":["post-19318","post","type-post","status-publish","format-standard","has-post-thumbnail","hentry","category-atacama"],"_links":{"self":[{"href":"https:\/\/www.radioamigavallenar.cl\/index.php?rest_route=\/wp\/v2\/posts\/19318","targetHints":{"allow":["GET"]}}],"collection":[{"href":"https:\/\/www.radioamigavallenar.cl\/index.php?rest_route=\/wp\/v2\/posts"}],"about":[{"href":"https:\/\/www.radioamigavallenar.cl\/index.php?rest_route=\/wp\/v2\/types\/post"}],"author":[{"embeddable":true,"href":"https:\/\/www.radioamigavallenar.cl\/index.php?rest_route=\/wp\/v2\/users\/2"}],"replies":[{"embeddable":true,"href":"https:\/\/www.radioamigavallenar.cl\/index.php?rest_route=%2Fwp%2Fv2%2Fcomments&post=19318"}],"version-history":[{"count":0,"href":"https:\/\/www.radioamigavallenar.cl\/index.php?rest_route=\/wp\/v2\/posts\/19318\/revisions"}],"wp:featuredmedia":[{"embeddable":true,"href":"https:\/\/www.radioamigavallenar.cl\/index.php?rest_route=\/wp\/v2\/media\/19319"}],"wp:attachment":[{"href":"https:\/\/www.radioamigavallenar.cl\/index.php?rest_route=%2Fwp%2Fv2%2Fmedia&parent=19318"}],"wp:term":[{"taxonomy":"category","embeddable":true,"href":"https:\/\/www.radioamigavallenar.cl\/index.php?rest_route=%2Fwp%2Fv2%2Fcategories&post=19318"},{"taxonomy":"post_tag","embeddable":true,"href":"https:\/\/www.radioamigavallenar.cl\/index.php?rest_route=%2Fwp%2Fv2%2Ftags&post=19318"}],"curies":[{"name":"wp","href":"https:\/\/api.w.org\/{rel}","templated":true}]}}