{"id":19314,"date":"2019-12-21T11:34:55","date_gmt":"2019-12-21T14:34:55","guid":{"rendered":"https:\/\/www.radioamigavallenar.cl\/?p=19314"},"modified":"2019-12-21T11:34:56","modified_gmt":"2019-12-21T14:34:56","slug":"diputada-cicardini-celebro-historico-avance-en-paridad-independientes-y-escanos-para-pueblos-indigenas-en-constituyente","status":"publish","type":"post","link":"https:\/\/www.radioamigavallenar.cl\/?p=19314","title":{"rendered":"Diputada Cicardini celebr\u00f3 hist\u00f3rico avance en paridad, independientes y esca\u00f1os para pueblos ind\u00edgenas en Constituyente"},"content":{"rendered":"\n<figure class=\"wp-block-image size-large\"><img loading=\"lazy\" decoding=\"async\" width=\"660\" height=\"406\" src=\"https:\/\/www.radioamigavallenar.cl\/wp-content\/uploads\/2019\/12\/Diputada-Cicardini-Neira-Daniella.jpg\" alt=\"\" class=\"wp-image-19315\" srcset=\"https:\/\/www.radioamigavallenar.cl\/wp-content\/uploads\/2019\/12\/Diputada-Cicardini-Neira-Daniella.jpg 660w, https:\/\/www.radioamigavallenar.cl\/wp-content\/uploads\/2019\/12\/Diputada-Cicardini-Neira-Daniella-300x185.jpg 300w\" sizes=\"auto, (max-width: 660px) 100vw, 660px\" \/><\/figure>\n\n\n\n<p>Como \u201chist\u00f3rico\u201d calific\u00f3 la diputada por Atacama, Daniella Cicardini, al avance y paso al Senado de 2 propuestas de ley aprobadas este jueves en la C\u00e1mara de Diputados, que permitir\u00e1n incorporar la&nbsp;&nbsp;paridad de g\u00e9nero y la participaci\u00f3n de independientes, as\u00ed como Esca\u00f1os Reservados para los Pueblos ind\u00edgenas, en la elecci\u00f3n de integrantes y posterior funcionamiento del \u00f3rgano constituyente encargado de redactar una nueva constituci\u00f3n<\/p>\n\n\n\n<p>Las disposiciones operar\u00edan ante el eventual triunfo en el plebiscito del pr\u00f3ximo 26 de abril de la opci\u00f3n de aprobaci\u00f3n al cambio de la actual carta fundamental, ocasi\u00f3n en la que tambi\u00e9n se definir\u00e1 entre Convenci\u00f3n Mixta y Convenci\u00f3n Constituyente como las alternativas de mecanismos para elaborar la nueva constituci\u00f3n, cuyos integrantes deber\u00edan ser elegidos en Octubre bajo las condiciones de participaci\u00f3n aprobadas por los diputados, que deben ser ratificadas ahora por el Senado.<\/p>\n\n\n\n<p>Al respecto, la diputada socialista Daniella Cicardini, quien junto a un grupo transversal de parlamentarias fue impulsora de la indicaci\u00f3n original para establecer la paridad, dijo sentirse \u201d muy contenta, porque con la unidad transversal de las mujeres de la c\u00e1mara de diputados, de las mujeres de Chile, de organizaciones feminista y el movimiento social, y con el apoyo de muchos diputados varones, dimos esta lucha y hemos dado un primer gran paso para permitir que la nueva constituci\u00f3n y el nuevo Chile se escriba con la voz de la Mujer, con esca\u00f1os para los pueblos ind\u00edgenas, y la participaci\u00f3n de los independientes\u201d.<\/p>\n\n\n\n<p>\u201cPara m\u00ed esta es la \u00fanica manera aceptable, porque no se puede pretender comenzar a construir otra sociedad, una sociedad m\u00e1s inclusiva, si partimos nuevamente perpetuando la discriminaci\u00f3n y la exclusi\u00f3n de los pueblos originarios o queriendo dejar afuera a m\u00e1s de la mitad de Chile, que somos las mujeres en nuestro pa\u00eds\u201d.<\/p>\n\n\n\n<p>\u201cEso es inaceptable, y por eso no bajamos los brazos, insistimos, y seguiremos insistiendo para que esto se apruebe tambi\u00e9n en el Senado, porque ya no podemos permitir una sociedad en la que se nos deje afuera; nunca m\u00e1s sin nosotras, nunca m\u00e1s sin las mujeres\u201d, subray\u00f3 la parlamentaria.<\/p>\n\n\n\n<p>Ambos proyectos aprobados este jueves, fueron presentados en la c\u00e1mara luego que el pasado mi\u00e9rcoles, debido a presiones de la Uni\u00f3n Dem\u00f3crata Independiente, UDI, a los otros partidos de \u201cChile Vamos\u201d, no se alcanzaran los votos necesarios para aprobar paridad, inclusi\u00f3n de independientes y esca\u00f1os para pueblos originarios, como parte de las indicaciones al proyecto de reforma constitucional que habilita el plebiscito de abril, el que s\u00ed fue despachado al Senado en donde ya qued\u00f3 listo para su promulgaci\u00f3n como ley.<\/p>\n\n\n\n<p>En esa l\u00ednea, la diputada Cicardini critic\u00f3 lo que se\u00f1al\u00f3 como \u201cviolencia pol\u00edtica y de g\u00e9nero que ejerci\u00f3 la UDI, y las presiones del propio gobierno, del presidente y sus ministros, sobre diputadas de su propio sector y que pertenecen a Renovaci\u00f3n Nacional, que se hab\u00edan sumado al primer acuerdo por la paridad que fue finalmente rechazado. Esa es precisamente una actitud machista impresentable\u201d.<\/p>\n\n\n\n<p>\u201cPero adem\u00e1s es una actitud mezquina e irresponsable porque amenazaron y no les import\u00f3 poner incluso en riesgo el propio acuerdo y el plebiscito constitucional que le permitir\u00e1 a Chile decidir y tener la opci\u00f3n de escribir una nueva constituci\u00f3n. Yo creo que Chile les pasar\u00e1 la cuenta porque es no entender nada de lo que ha pasado en estos 2 meses, y porque es como decir \u201csi no se hace como yo quiero me llevo la pelota para la casa\u201d, que es la actitud que siguen manteniendo incluso todav\u00eda despu\u00e9s que se aprobaron estos otros proyectos\u201d, fustig\u00f3.<\/p>\n","protected":false},"excerpt":{"rendered":"<p>Como \u201chist\u00f3rico\u201d calific\u00f3 la diputada por Atacama, Daniella Cicardini, al avance y paso al Senado de 2 propuestas de ley aprobadas este jueves en la&hellip; <\/p>\n","protected":false},"author":2,"featured_media":19315,"comment_status":"open","ping_status":"closed","sticky":false,"template":"","format":"standard","meta":{"footnotes":""},"categories":[7,37],"tags":[],"class_list":["post-19314","post","type-post","status-publish","format-standard","has-post-thumbnail","hentry","category-atacama","category-nacional"],"_links":{"self":[{"href":"https:\/\/www.radioamigavallenar.cl\/index.php?rest_route=\/wp\/v2\/posts\/19314","targetHints":{"allow":["GET"]}}],"collection":[{"href":"https:\/\/www.radioamigavallenar.cl\/index.php?rest_route=\/wp\/v2\/posts"}],"about":[{"href":"https:\/\/www.radioamigavallenar.cl\/index.php?rest_route=\/wp\/v2\/types\/post"}],"author":[{"embeddable":true,"href":"https:\/\/www.radioamigavallenar.cl\/index.php?rest_route=\/wp\/v2\/users\/2"}],"replies":[{"embeddable":true,"href":"https:\/\/www.radioamigavallenar.cl\/index.php?rest_route=%2Fwp%2Fv2%2Fcomments&post=19314"}],"version-history":[{"count":0,"href":"https:\/\/www.radioamigavallenar.cl\/index.php?rest_route=\/wp\/v2\/posts\/19314\/revisions"}],"wp:featuredmedia":[{"embeddable":true,"href":"https:\/\/www.radioamigavallenar.cl\/index.php?rest_route=\/wp\/v2\/media\/19315"}],"wp:attachment":[{"href":"https:\/\/www.radioamigavallenar.cl\/index.php?rest_route=%2Fwp%2Fv2%2Fmedia&parent=19314"}],"wp:term":[{"taxonomy":"category","embeddable":true,"href":"https:\/\/www.radioamigavallenar.cl\/index.php?rest_route=%2Fwp%2Fv2%2Fcategories&post=19314"},{"taxonomy":"post_tag","embeddable":true,"href":"https:\/\/www.radioamigavallenar.cl\/index.php?rest_route=%2Fwp%2Fv2%2Ftags&post=19314"}],"curies":[{"name":"wp","href":"https:\/\/api.w.org\/{rel}","templated":true}]}}