{"id":19285,"date":"2019-12-21T00:00:00","date_gmt":"2019-12-21T03:00:00","guid":{"rendered":"https:\/\/www.radioamigavallenar.cl\/?p=19285"},"modified":"2019-12-20T22:52:32","modified_gmt":"2019-12-21T01:52:32","slug":"en-alto-del-carmen-entregan-tarjeta-joven-a-beneficiarios","status":"publish","type":"post","link":"https:\/\/www.radioamigavallenar.cl\/?p=19285","title":{"rendered":"En Alto del Carmen entregan Tarjeta Joven a beneficiarios"},"content":{"rendered":"\n<figure class=\"wp-block-image size-large\"><img loading=\"lazy\" decoding=\"async\" width=\"750\" height=\"400\" src=\"https:\/\/www.radioamigavallenar.cl\/wp-content\/uploads\/2019\/12\/tarjeta-joven-alto.jpg\" alt=\"\" class=\"wp-image-19286\" srcset=\"https:\/\/www.radioamigavallenar.cl\/wp-content\/uploads\/2019\/12\/tarjeta-joven-alto.jpg 750w, https:\/\/www.radioamigavallenar.cl\/wp-content\/uploads\/2019\/12\/tarjeta-joven-alto-300x160.jpg 300w\" sizes=\"auto, (max-width: 750px) 100vw, 750px\" \/><\/figure>\n\n\n\n<p><strong>Esta tarjeta joven, es un instrumento muy parecido a la cuenta RUT y que est\u00e1 dise\u00f1ada para entregar a j\u00f3venes de entre 15 a 29 a\u00f1os, con muchos beneficios, entre ellos descuentos en centros comerciales de la Regi\u00f3n y en el pa\u00eds.<\/strong><\/p>\n\n\n\n<p>Las alternativas para conocer estos descuentos y beneficios en la p\u00e1gina web de injuv.cl \/tarjeta joven. Esta entrega se realiz\u00f3 en el Liceo nuestro principalmente a alumnas y alumnos de los terceros y cuartos medios de las especialidades.<\/p>\n\n\n\n<p>Esta gesti\u00f3n se enmarca en el trabajo de la Oficina Comunal de Injuv cuya encargada es la Srta. Javiera \u00c1lvarez y la gesti\u00f3n integral adem\u00e1s de Injuv Regi\u00f3n Atacama.&nbsp;<\/p>\n\n\n\n<p>Mayores informaciones sobre esta tarjeta en el portal&nbsp;<a href=\"http:\/\/www.injuv.gob.cl\/\">injuv.gob.cl<\/a><\/p>\n","protected":false},"excerpt":{"rendered":"<p>Esta tarjeta joven, es un instrumento muy parecido a la cuenta RUT y que est\u00e1 dise\u00f1ada para entregar a j\u00f3venes de entre 15 a 29&hellip; <\/p>\n","protected":false},"author":2,"featured_media":19286,"comment_status":"open","ping_status":"closed","sticky":false,"template":"","format":"standard","meta":{"footnotes":""},"categories":[5],"tags":[],"class_list":["post-19285","post","type-post","status-publish","format-standard","has-post-thumbnail","hentry","category-alto-del-carmen"],"_links":{"self":[{"href":"https:\/\/www.radioamigavallenar.cl\/index.php?rest_route=\/wp\/v2\/posts\/19285","targetHints":{"allow":["GET"]}}],"collection":[{"href":"https:\/\/www.radioamigavallenar.cl\/index.php?rest_route=\/wp\/v2\/posts"}],"about":[{"href":"https:\/\/www.radioamigavallenar.cl\/index.php?rest_route=\/wp\/v2\/types\/post"}],"author":[{"embeddable":true,"href":"https:\/\/www.radioamigavallenar.cl\/index.php?rest_route=\/wp\/v2\/users\/2"}],"replies":[{"embeddable":true,"href":"https:\/\/www.radioamigavallenar.cl\/index.php?rest_route=%2Fwp%2Fv2%2Fcomments&post=19285"}],"version-history":[{"count":0,"href":"https:\/\/www.radioamigavallenar.cl\/index.php?rest_route=\/wp\/v2\/posts\/19285\/revisions"}],"wp:featuredmedia":[{"embeddable":true,"href":"https:\/\/www.radioamigavallenar.cl\/index.php?rest_route=\/wp\/v2\/media\/19286"}],"wp:attachment":[{"href":"https:\/\/www.radioamigavallenar.cl\/index.php?rest_route=%2Fwp%2Fv2%2Fmedia&parent=19285"}],"wp:term":[{"taxonomy":"category","embeddable":true,"href":"https:\/\/www.radioamigavallenar.cl\/index.php?rest_route=%2Fwp%2Fv2%2Fcategories&post=19285"},{"taxonomy":"post_tag","embeddable":true,"href":"https:\/\/www.radioamigavallenar.cl\/index.php?rest_route=%2Fwp%2Fv2%2Ftags&post=19285"}],"curies":[{"name":"wp","href":"https:\/\/api.w.org\/{rel}","templated":true}]}}