{"id":19278,"date":"2019-12-20T10:51:36","date_gmt":"2019-12-20T13:51:36","guid":{"rendered":"https:\/\/www.radioamigavallenar.cl\/?p=19278"},"modified":"2019-12-20T10:51:38","modified_gmt":"2019-12-20T13:51:38","slug":"inician-campana-nacional-de-prevencion-contra-el-uso-de-fuegos-artificiales","status":"publish","type":"post","link":"https:\/\/www.radioamigavallenar.cl\/?p=19278","title":{"rendered":"Inician Campa\u00f1a Nacional de Prevenci\u00f3n contra el uso de Fuegos Artificiales"},"content":{"rendered":"\n<figure class=\"wp-block-image size-large\"><img loading=\"lazy\" decoding=\"async\" width=\"600\" height=\"387\" src=\"https:\/\/www.radioamigavallenar.cl\/wp-content\/uploads\/2019\/12\/voladores-y-petardos.jpg\" alt=\"\" class=\"wp-image-19279\" srcset=\"https:\/\/www.radioamigavallenar.cl\/wp-content\/uploads\/2019\/12\/voladores-y-petardos.jpg 600w, https:\/\/www.radioamigavallenar.cl\/wp-content\/uploads\/2019\/12\/voladores-y-petardos-300x194.jpg 300w\" sizes=\"auto, (max-width: 600px) 100vw, 600px\" \/><\/figure>\n\n\n\n<p>Protegerlos depende de ti: La iniciativa hace un llamado a NO comprar, No usar y NO vender fuegos artificiales, para prevenir las quemaduras durante las fiestas de fin de a\u00f1o.<\/p>\n\n\n\n<p>Minsal, Coaniquem y Carabineros dicen ; No Uses, No Compres, No Vendas Fuegos Artificiales<\/p>\n\n\n\n<p>A Coordinadora (s) de Coaniquem Maritza Zuleta Andrade sostuvo que \u201cla Campa\u00f1a cumple 26 a\u00f1os y tiene por finalidad prevenir las quemaduras por fuegos artificiales durante las celebraciones de fin de a\u00f1o.\u201d<\/p>\n\n\n\n<p>\u201cCada a\u00f1o se realiza una vigilancia epidemiol\u00f3gica de los casos de quemaduras por esta causa en menores de 15 a\u00f1os, ocurridos entre el 6 de diciembre y el 6 de enero, los que son notificados a COANIQUEM por 477 centros de salud p\u00fablicos y privados de urgencia a lo largo del pa\u00eds. COANIQUEM llama a NO USAR, NO COMPRAR Y NO VENDER fuegos artificiales de uso dom\u00e9stico seg\u00fan lo exige la Ley 19.680 promulgada el a\u00f1o 2000\u201d. La coordinadora de Coaniquem hace un llamado a los padres para que conversen con sus hijos y les hagan saber que \u201cel peligro del uso de estos elementos que podr\u00eda dar inicio a un fuego ingobernable. Estamos contentos si debido a que hace cinco a\u00f1os que no tenemos ni\u00f1os o ni\u00f1as quemados en nuestra regi\u00f3n y esperamos seguir as\u00ed\u201d.<\/p>\n\n\n\n<p>\u201cTodos los fuegos artificiales de uso dom\u00e9stico son peligrosos y una vez encendidos no es posible controlarlos; con mayor frecuencia afectan m\u00e1s a quienes observan que a las personas que los manipulan.\u201d<\/p>\n\n\n\n<p>\u201cHago un llamado a la comunidad para denunciar al tel\u00e9fono 133 de carabineros , si saben de alguien que est\u00e9 vendiendo fuegos artificiales ya que el a\u00f1o pasado hubo casos y se logro la detenci\u00f3n de quienes los vend\u00edan dijo Zuleta.<\/p>\n\n\n\n<p>Destacar que los espect\u00e1culos pirot\u00e9cnicos autorizados son una posibilidad segura de disfrutar de los fuegos artificiales sin que se hayan registrado en los \u00faltimos 18 a\u00f1os casos de muerte ni lesionados en ellos.<\/p>\n\n\n\n<p>Maritza Zuleta nos proporcion\u00f3 en Maray detalles de campa\u00f1as de a\u00f1os anteriores y la proyecci\u00f3n internacional que de ella se desprende.<\/p>\n\n\n\n<p><strong>Balance campa\u00f1a 2018-2019<\/strong><\/p>\n\n\n\n<p>Desde la promulgaci\u00f3n de la Ley, los casos de quemaduras notificados a nivel nacional disminuyeron diez veces, y en el periodo de la Campa\u00f1a 2018- 2019 se registraron 8 casos de ni\u00f1os con quemaduras por fuegos artificiales, de los cuales 5 ocurrieron en la Regi\u00f3n Metropolitana, mientras que los casos restantes se notificaron en las Regiones de Antofagasta, Valpara\u00edso y Araucan\u00eda.<\/p>\n\n\n\n<p>\u201cCon preocupaci\u00f3n hemos visto en las \u00faltimas semanas el uso ilegal de fuegos artificiales. Esta situaci\u00f3n es inaceptable debido al alto riesgo de lesiones de quemaduras por su uso y la posibilidad de explosiones en lugares de venta y acopio. Hacemos un llamado a denunciar su uso y venta a carabineros al 133\u201d, enfatiza el Dr. Rojas.<\/p>\n\n\n\n<p><strong>Proyecci\u00f3n Internacional<\/strong><\/p>\n\n\n\n<p>COANIQUEM, con el respaldo de la Canciller\u00eda y del Ministerio de Salud, lidera la Campa\u00f1a Internacional No m\u00e1s Fuegos Artificiales orientada a compartir en la regi\u00f3n la experiencia chilena de 20 a\u00f1os. Para ello se est\u00e1 gestionando ante la Organizaci\u00f3n de Estados Americanos OEA la redacci\u00f3n de una Ley Modelo, la cual se ofrecer\u00e1 a los Estados Parte invit\u00e1ndolos a ajustar su legislaci\u00f3n. En la \u00faltima Asamblea General de la OEA realizada en junio pasado en Medell\u00edn, Colombia, se obtuvo la resoluci\u00f3n mediante la cual se instruy\u00f3 al Comit\u00e9 Jur\u00eddico Interamericano la redacci\u00f3n de la nueva ley.<\/p>\n","protected":false},"excerpt":{"rendered":"<p>Protegerlos depende de ti: La iniciativa hace un llamado a NO comprar, No usar y NO vender fuegos artificiales, para prevenir las quemaduras durante las&hellip; <\/p>\n","protected":false},"author":2,"featured_media":19279,"comment_status":"open","ping_status":"closed","sticky":false,"template":"","format":"standard","meta":{"footnotes":""},"categories":[7],"tags":[],"class_list":["post-19278","post","type-post","status-publish","format-standard","has-post-thumbnail","hentry","category-atacama"],"_links":{"self":[{"href":"https:\/\/www.radioamigavallenar.cl\/index.php?rest_route=\/wp\/v2\/posts\/19278","targetHints":{"allow":["GET"]}}],"collection":[{"href":"https:\/\/www.radioamigavallenar.cl\/index.php?rest_route=\/wp\/v2\/posts"}],"about":[{"href":"https:\/\/www.radioamigavallenar.cl\/index.php?rest_route=\/wp\/v2\/types\/post"}],"author":[{"embeddable":true,"href":"https:\/\/www.radioamigavallenar.cl\/index.php?rest_route=\/wp\/v2\/users\/2"}],"replies":[{"embeddable":true,"href":"https:\/\/www.radioamigavallenar.cl\/index.php?rest_route=%2Fwp%2Fv2%2Fcomments&post=19278"}],"version-history":[{"count":0,"href":"https:\/\/www.radioamigavallenar.cl\/index.php?rest_route=\/wp\/v2\/posts\/19278\/revisions"}],"wp:featuredmedia":[{"embeddable":true,"href":"https:\/\/www.radioamigavallenar.cl\/index.php?rest_route=\/wp\/v2\/media\/19279"}],"wp:attachment":[{"href":"https:\/\/www.radioamigavallenar.cl\/index.php?rest_route=%2Fwp%2Fv2%2Fmedia&parent=19278"}],"wp:term":[{"taxonomy":"category","embeddable":true,"href":"https:\/\/www.radioamigavallenar.cl\/index.php?rest_route=%2Fwp%2Fv2%2Fcategories&post=19278"},{"taxonomy":"post_tag","embeddable":true,"href":"https:\/\/www.radioamigavallenar.cl\/index.php?rest_route=%2Fwp%2Fv2%2Ftags&post=19278"}],"curies":[{"name":"wp","href":"https:\/\/api.w.org\/{rel}","templated":true}]}}