{"id":19271,"date":"2019-12-20T00:01:00","date_gmt":"2019-12-20T03:01:00","guid":{"rendered":"https:\/\/www.radioamigavallenar.cl\/?p=19271"},"modified":"2019-12-20T00:08:34","modified_gmt":"2019-12-20T03:08:34","slug":"cap-mineria-y-ferronor-realizaran-tercera-version-del-tren-navideno-en-el-valle-del-huasco","status":"publish","type":"post","link":"https:\/\/www.radioamigavallenar.cl\/?p=19271","title":{"rendered":"CAP Miner\u00eda y Ferronor realizar\u00e1n tercera versi\u00f3n del Tren Navide\u00f1o en el valle del Huasco"},"content":{"rendered":"\n<figure class=\"wp-block-gallery columns-2 is-cropped wp-block-gallery-1 is-layout-flex wp-block-gallery-is-layout-flex\"><ul class=\"blocks-gallery-grid\"><li class=\"blocks-gallery-item\"><figure><img loading=\"lazy\" decoding=\"async\" width=\"1024\" height=\"683\" src=\"https:\/\/www.radioamigavallenar.cl\/wp-content\/uploads\/2019\/12\/Tren-navide\u00f1o-1-1024x683.jpg\" alt=\"\" data-id=\"19272\" data-full-url=\"https:\/\/www.radioamigavallenar.cl\/wp-content\/uploads\/2019\/12\/Tren-navide\u00f1o-1-scaled.jpg\" data-link=\"https:\/\/www.radioamigavallenar.cl\/?attachment_id=19272\" class=\"wp-image-19272\" srcset=\"https:\/\/www.radioamigavallenar.cl\/wp-content\/uploads\/2019\/12\/Tren-navide\u00f1o-1-1024x683.jpg 1024w, https:\/\/www.radioamigavallenar.cl\/wp-content\/uploads\/2019\/12\/Tren-navide\u00f1o-1-300x200.jpg 300w, https:\/\/www.radioamigavallenar.cl\/wp-content\/uploads\/2019\/12\/Tren-navide\u00f1o-1-768x512.jpg 768w, https:\/\/www.radioamigavallenar.cl\/wp-content\/uploads\/2019\/12\/Tren-navide\u00f1o-1-1536x1024.jpg 1536w, https:\/\/www.radioamigavallenar.cl\/wp-content\/uploads\/2019\/12\/Tren-navide\u00f1o-1-2048x1365.jpg 2048w\" sizes=\"auto, (max-width: 1024px) 100vw, 1024px\" \/><\/figure><\/li><li class=\"blocks-gallery-item\"><figure><img loading=\"lazy\" decoding=\"async\" width=\"1024\" height=\"683\" src=\"https:\/\/www.radioamigavallenar.cl\/wp-content\/uploads\/2019\/12\/Tren-navide\u00f1o-2-1024x683.jpg\" alt=\"\" data-id=\"19273\" data-full-url=\"https:\/\/www.radioamigavallenar.cl\/wp-content\/uploads\/2019\/12\/Tren-navide\u00f1o-2-scaled.jpg\" data-link=\"https:\/\/www.radioamigavallenar.cl\/?attachment_id=19273\" class=\"wp-image-19273\" srcset=\"https:\/\/www.radioamigavallenar.cl\/wp-content\/uploads\/2019\/12\/Tren-navide\u00f1o-2-1024x683.jpg 1024w, https:\/\/www.radioamigavallenar.cl\/wp-content\/uploads\/2019\/12\/Tren-navide\u00f1o-2-300x200.jpg 300w, https:\/\/www.radioamigavallenar.cl\/wp-content\/uploads\/2019\/12\/Tren-navide\u00f1o-2-768x512.jpg 768w, https:\/\/www.radioamigavallenar.cl\/wp-content\/uploads\/2019\/12\/Tren-navide\u00f1o-2-1536x1024.jpg 1536w, https:\/\/www.radioamigavallenar.cl\/wp-content\/uploads\/2019\/12\/Tren-navide\u00f1o-2-2048x1365.jpg 2048w\" sizes=\"auto, (max-width: 1024px) 100vw, 1024px\" \/><\/figure><\/li><\/ul><\/figure>\n\n\n\n<ul class=\"wp-block-list\"><li><strong><em>La jornada se llevar\u00e1 a cabo el pr\u00f3ximo viernes 27 de diciembre a partir de las 10.00 horas.<\/em><\/strong><\/li><li><strong><em>Los limitados boletos ser\u00e1n entregados en Vallenar, Freirina y Huasco.<\/em><\/strong><\/li><\/ul>\n\n\n\n<p>A trav\u00e9s de una alianza estrat\u00e9gica, CAP Miner\u00eda y Ferronor desarrollar\u00e1n el viernes 27 de diciembre la tercera versi\u00f3n del Tren Navide\u00f1o, din\u00e1mica actividad que tiene por objetivo acercar el ferrocarril a la comunidad del valle del Huasco, despertando gratos recuerdos entre adultos y la emoci\u00f3n de vivir una nueva aventura entre ni\u00f1os. <\/p>\n\n\n\n<p>La jornada contar\u00e1 con cinco trayectos entre\nVallenar, Freirina y Huasco, tres de ellos dirigidos a habitantes de las\nmencionadas comunas y dos a hijos de trabajadores de ambas empresas. Para\nllevar a cabo esta tercera versi\u00f3n se acondicionaron especialmente dos vagones,\nlos cuales tienen capacidad para trasladar a 100 pasajeros por recorrido. <\/p>\n\n\n\n<p>Los boletos para ser parte de este m\u00e1gico viaje ser\u00e1n\nentregados el d\u00eda lunes 23 de diciembre de 10.00 a 13.30 horas o hasta agotar\nstock en los siguientes puntos: Vallenar, edificio corporativo de CAP Miner\u00eda (Brasil\nN\u00b01050); Freirina, Plaza de Armas; y Huasco, Oficina de Comunidades (Serrano\nN\u00b0236). <\/p>\n\n\n\n<p>CAP Miner\u00eda y Ferronor esperan que tanto adultos\ncomo ni\u00f1os puedan disfrutar de esta tercera versi\u00f3n del Tren Navide\u00f1o, y al\nigual que en a\u00f1os anteriores, el encanto del recorrido despierte en la memoria\nrecuerdos, experiencias y sue\u00f1os de anta\u00f1o en el valle del Huasco.&nbsp; <\/p>\n","protected":false},"excerpt":{"rendered":"<p>La jornada se llevar\u00e1 a cabo el pr\u00f3ximo viernes 27 de diciembre a partir de las 10.00 horas. Los limitados boletos ser\u00e1n entregados en Vallenar,&hellip; <\/p>\n","protected":false},"author":2,"featured_media":19273,"comment_status":"open","ping_status":"closed","sticky":false,"template":"","format":"standard","meta":{"footnotes":""},"categories":[1,2],"tags":[],"class_list":["post-19271","post","type-post","status-publish","format-standard","has-post-thumbnail","hentry","category-provincia-del-huasco-2","category-vallenar"],"_links":{"self":[{"href":"https:\/\/www.radioamigavallenar.cl\/index.php?rest_route=\/wp\/v2\/posts\/19271","targetHints":{"allow":["GET"]}}],"collection":[{"href":"https:\/\/www.radioamigavallenar.cl\/index.php?rest_route=\/wp\/v2\/posts"}],"about":[{"href":"https:\/\/www.radioamigavallenar.cl\/index.php?rest_route=\/wp\/v2\/types\/post"}],"author":[{"embeddable":true,"href":"https:\/\/www.radioamigavallenar.cl\/index.php?rest_route=\/wp\/v2\/users\/2"}],"replies":[{"embeddable":true,"href":"https:\/\/www.radioamigavallenar.cl\/index.php?rest_route=%2Fwp%2Fv2%2Fcomments&post=19271"}],"version-history":[{"count":0,"href":"https:\/\/www.radioamigavallenar.cl\/index.php?rest_route=\/wp\/v2\/posts\/19271\/revisions"}],"wp:featuredmedia":[{"embeddable":true,"href":"https:\/\/www.radioamigavallenar.cl\/index.php?rest_route=\/wp\/v2\/media\/19273"}],"wp:attachment":[{"href":"https:\/\/www.radioamigavallenar.cl\/index.php?rest_route=%2Fwp%2Fv2%2Fmedia&parent=19271"}],"wp:term":[{"taxonomy":"category","embeddable":true,"href":"https:\/\/www.radioamigavallenar.cl\/index.php?rest_route=%2Fwp%2Fv2%2Fcategories&post=19271"},{"taxonomy":"post_tag","embeddable":true,"href":"https:\/\/www.radioamigavallenar.cl\/index.php?rest_route=%2Fwp%2Fv2%2Ftags&post=19271"}],"curies":[{"name":"wp","href":"https:\/\/api.w.org\/{rel}","templated":true}]}}