{"id":19266,"date":"2019-12-20T00:00:00","date_gmt":"2019-12-20T03:00:00","guid":{"rendered":"https:\/\/www.radioamigavallenar.cl\/?p=19266"},"modified":"2019-12-19T23:25:22","modified_gmt":"2019-12-20T02:25:22","slug":"mas-de-mil-personas-pueden-retirar-excesos-de-cajas-de-compensacion-en-atacama","status":"publish","type":"post","link":"https:\/\/www.radioamigavallenar.cl\/?p=19266","title":{"rendered":"M\u00e1s de mil personas pueden retirar excesos de cajas de compensaci\u00f3n en Atacama"},"content":{"rendered":"\n<figure class=\"wp-block-image size-large\"><img loading=\"lazy\" decoding=\"async\" width=\"800\" height=\"530\" src=\"https:\/\/www.radioamigavallenar.cl\/wp-content\/uploads\/2019\/12\/trabajo-discapacidad-800x530-1.jpg\" alt=\"\" class=\"wp-image-19267\" srcset=\"https:\/\/www.radioamigavallenar.cl\/wp-content\/uploads\/2019\/12\/trabajo-discapacidad-800x530-1.jpg 800w, https:\/\/www.radioamigavallenar.cl\/wp-content\/uploads\/2019\/12\/trabajo-discapacidad-800x530-1-300x199.jpg 300w, https:\/\/www.radioamigavallenar.cl\/wp-content\/uploads\/2019\/12\/trabajo-discapacidad-800x530-1-768x509.jpg 768w\" sizes=\"auto, (max-width: 800px) 100vw, 800px\" \/><\/figure>\n\n\n\n<p>El Secretario Regional Ministerial del trabajo y previsi\u00f3n social, Carlos Leal Varas dio a conocer la excelente noticia que a nivel nacional existen m\u00e1s de $3.900 millones de pesos disponibles para la ciudadan\u00eda para ser recuperados en las Cajas de Compensaci\u00f3n por concepto de pagos en exceso.<\/p>\n\n\n\n<p>La autoridad regional destac\u00f3 que \u201ca nivel regional son 1.021 personas acreedoras de estos excesos. Lo que, sin duda, es una muy buena noticia para las familias que podr\u00e1n tener un ingreso extra este termino de a\u00f1o\u201d<\/p>\n\n\n\n<p>El Seremi del Trabajo y Previsi\u00f3n Social, recalc\u00f3 que \u201ces importante, informar a todos los beneficiarios que estos dineros no prescriben, es decir, siempre van a estar a disposici\u00f3n de las personas. Asimismo, estos dineros son heredables, y los familiares pueden cobrarlos\u201d.<\/p>\n\n\n\n<p>Estos \u00abpagos en exceso\u00bb de trabajadores y trabajadoras, pensionados y pensionadas deudores de cr\u00e9dito social, se generan principalmente por errores operacionales derivados por la duplicidad de pago (pago v\u00eda descuento por planilla y posteriormente por ventanilla); mayores montos pagados por deudores y empresas y por errores operacionales atribuibles a las Cajas de Compensaci\u00f3n y Asignaci\u00f3n Familiar durante el pago anticipado de un cr\u00e9dito, o bien por descuentos posteriores al vencimiento.<\/p>\n\n\n\n<p>La Superintendencia de Seguridad Social en su rol regulador, hace un llamado a las personas que solicitaron un cr\u00e9dito social en las Cajas de Compensaci\u00f3n (CCAF) a que consulten a trav\u00e9s de las p\u00e1ginas web de estos organismos o acudan directamente a sus sucursales a lo largo de todo el pa\u00eds, para verificar si disponen de saldos pendientes a su favor, producto de pagos en exceso de sus respectivos cr\u00e9ditos.<\/p>\n\n\n\n<p>Si quieres saber si eres uno de los acreedores, puedes ingresar a la p\u00e1gina web de la Subsecretar\u00eda de Previsi\u00f3n Social, o a la Superintendencia de Seguridad Social, en el banner \u201cPago en Excesos CCAF\u201d o dirigirte directamente a la p\u00e1gina web de las Cajas de Compensaci\u00f3n.<\/p>\n\n\n\n<p>Si no sabes cu\u00e1l es tu Caja de Compensaci\u00f3n, puedes ingresar con tu Clave \u00danica a \u201cMi Portal\u201d en la p\u00e1gina web de la Superintendencia de Seguridad Social, donde encontrar toda tu informaci\u00f3n previsional, incluyendo tu respectiva Caja de Compensaci\u00f3n.<\/p>\n","protected":false},"excerpt":{"rendered":"<p>El Secretario Regional Ministerial del trabajo y previsi\u00f3n social, Carlos Leal Varas dio a conocer la excelente noticia que a nivel nacional existen m\u00e1s de&hellip; <\/p>\n","protected":false},"author":2,"featured_media":19267,"comment_status":"open","ping_status":"closed","sticky":false,"template":"","format":"standard","meta":{"footnotes":""},"categories":[7],"tags":[],"class_list":["post-19266","post","type-post","status-publish","format-standard","has-post-thumbnail","hentry","category-atacama"],"_links":{"self":[{"href":"https:\/\/www.radioamigavallenar.cl\/index.php?rest_route=\/wp\/v2\/posts\/19266","targetHints":{"allow":["GET"]}}],"collection":[{"href":"https:\/\/www.radioamigavallenar.cl\/index.php?rest_route=\/wp\/v2\/posts"}],"about":[{"href":"https:\/\/www.radioamigavallenar.cl\/index.php?rest_route=\/wp\/v2\/types\/post"}],"author":[{"embeddable":true,"href":"https:\/\/www.radioamigavallenar.cl\/index.php?rest_route=\/wp\/v2\/users\/2"}],"replies":[{"embeddable":true,"href":"https:\/\/www.radioamigavallenar.cl\/index.php?rest_route=%2Fwp%2Fv2%2Fcomments&post=19266"}],"version-history":[{"count":0,"href":"https:\/\/www.radioamigavallenar.cl\/index.php?rest_route=\/wp\/v2\/posts\/19266\/revisions"}],"wp:featuredmedia":[{"embeddable":true,"href":"https:\/\/www.radioamigavallenar.cl\/index.php?rest_route=\/wp\/v2\/media\/19267"}],"wp:attachment":[{"href":"https:\/\/www.radioamigavallenar.cl\/index.php?rest_route=%2Fwp%2Fv2%2Fmedia&parent=19266"}],"wp:term":[{"taxonomy":"category","embeddable":true,"href":"https:\/\/www.radioamigavallenar.cl\/index.php?rest_route=%2Fwp%2Fv2%2Fcategories&post=19266"},{"taxonomy":"post_tag","embeddable":true,"href":"https:\/\/www.radioamigavallenar.cl\/index.php?rest_route=%2Fwp%2Fv2%2Ftags&post=19266"}],"curies":[{"name":"wp","href":"https:\/\/api.w.org\/{rel}","templated":true}]}}