{"id":19257,"date":"2019-12-20T00:09:00","date_gmt":"2019-12-20T03:09:00","guid":{"rendered":"https:\/\/www.radioamigavallenar.cl\/?p=19257"},"modified":"2019-12-20T00:08:59","modified_gmt":"2019-12-20T03:08:59","slug":"entregan-recomendaciones-a-la-poblacion-cercana-al-incendio-de-pastizales-en-vallenar","status":"publish","type":"post","link":"https:\/\/www.radioamigavallenar.cl\/?p=19257","title":{"rendered":"Entregan recomendaciones a la poblaci\u00f3n cercana al incendio de pastizales en Vallenar"},"content":{"rendered":"\n<figure class=\"wp-block-image size-large\"><img loading=\"lazy\" decoding=\"async\" width=\"1024\" height=\"768\" src=\"https:\/\/www.radioamigavallenar.cl\/wp-content\/uploads\/2019\/12\/INCENDIO-VALLENAR-1024x768.jpeg\" alt=\"\" class=\"wp-image-19258\" srcset=\"https:\/\/www.radioamigavallenar.cl\/wp-content\/uploads\/2019\/12\/INCENDIO-VALLENAR-1024x768.jpeg 1024w, https:\/\/www.radioamigavallenar.cl\/wp-content\/uploads\/2019\/12\/INCENDIO-VALLENAR-300x225.jpeg 300w, https:\/\/www.radioamigavallenar.cl\/wp-content\/uploads\/2019\/12\/INCENDIO-VALLENAR-768x576.jpeg 768w, https:\/\/www.radioamigavallenar.cl\/wp-content\/uploads\/2019\/12\/INCENDIO-VALLENAR.jpeg 1280w\" sizes=\"auto, (max-width: 1024px) 100vw, 1024px\" \/><\/figure>\n\n\n\n<p>Autoridad sanitaria hace las siguientes recomendaciones generales a la comunidad que se encuentre en cercan\u00edas de la zona afectada.<\/p>\n\n\n\n<p>1. La poblaci\u00f3n en general mantenerse, en lo posible, en espacios cerrados y evitar toda actividad.<\/p>\n\n\n\n<p>2. Los ni\u00f1os, adultos mayores, enfermos agudos y cr\u00f3nicos de enfermedades respiratorias y cardiacas deben mantenerse, de preferencia en espacios cerrados.<\/p>\n\n\n\n<p>3. Uso de mascarilla o pa\u00f1o h\u00famedo que cubra las v\u00edas respiratorias mientras se encuentre en ambientes no confinados o al aire libre.<\/p>\n\n\n\n<p>4. Poblaci\u00f3n m\u00e1s sensible, ni\u00f1os, adultos mayores y enfermos respiratorios cr\u00f3nicos, consultar en centro de salud m\u00e1s cercano, de presentar sintomatolog\u00eda respiratoria.<\/p>\n\n\n\n<p>5. A la poblaci\u00f3n fumadora se le recomienda evitar fumar en espacios cerrados.<\/p>\n\n\n\n<p>6. A la poblaci\u00f3n general evitar hacer quemas de cualquier tipo.<\/p>\n\n\n\n<p>Frente a cualquier duda, consultar al servicio de urgencia mas cercano o salud responde 600 360 7777.<\/p>\n","protected":false},"excerpt":{"rendered":"<p>Autoridad sanitaria hace las siguientes recomendaciones generales a la comunidad que se encuentre en cercan\u00edas de la zona afectada. 1. La poblaci\u00f3n en general mantenerse,&hellip; <\/p>\n","protected":false},"author":2,"featured_media":19258,"comment_status":"open","ping_status":"closed","sticky":false,"template":"","format":"standard","meta":{"footnotes":""},"categories":[1,2],"tags":[],"class_list":["post-19257","post","type-post","status-publish","format-standard","has-post-thumbnail","hentry","category-provincia-del-huasco-2","category-vallenar"],"_links":{"self":[{"href":"https:\/\/www.radioamigavallenar.cl\/index.php?rest_route=\/wp\/v2\/posts\/19257","targetHints":{"allow":["GET"]}}],"collection":[{"href":"https:\/\/www.radioamigavallenar.cl\/index.php?rest_route=\/wp\/v2\/posts"}],"about":[{"href":"https:\/\/www.radioamigavallenar.cl\/index.php?rest_route=\/wp\/v2\/types\/post"}],"author":[{"embeddable":true,"href":"https:\/\/www.radioamigavallenar.cl\/index.php?rest_route=\/wp\/v2\/users\/2"}],"replies":[{"embeddable":true,"href":"https:\/\/www.radioamigavallenar.cl\/index.php?rest_route=%2Fwp%2Fv2%2Fcomments&post=19257"}],"version-history":[{"count":0,"href":"https:\/\/www.radioamigavallenar.cl\/index.php?rest_route=\/wp\/v2\/posts\/19257\/revisions"}],"wp:featuredmedia":[{"embeddable":true,"href":"https:\/\/www.radioamigavallenar.cl\/index.php?rest_route=\/wp\/v2\/media\/19258"}],"wp:attachment":[{"href":"https:\/\/www.radioamigavallenar.cl\/index.php?rest_route=%2Fwp%2Fv2%2Fmedia&parent=19257"}],"wp:term":[{"taxonomy":"category","embeddable":true,"href":"https:\/\/www.radioamigavallenar.cl\/index.php?rest_route=%2Fwp%2Fv2%2Fcategories&post=19257"},{"taxonomy":"post_tag","embeddable":true,"href":"https:\/\/www.radioamigavallenar.cl\/index.php?rest_route=%2Fwp%2Fv2%2Ftags&post=19257"}],"curies":[{"name":"wp","href":"https:\/\/api.w.org\/{rel}","templated":true}]}}