{"id":19248,"date":"2019-12-20T00:00:00","date_gmt":"2019-12-20T03:00:00","guid":{"rendered":"https:\/\/www.radioamigavallenar.cl\/?p=19248"},"modified":"2019-12-19T23:13:46","modified_gmt":"2019-12-20T02:13:46","slug":"diputado-juan-santana-es-fundamental-que-el-voto-sea-obligatorio","status":"publish","type":"post","link":"https:\/\/www.radioamigavallenar.cl\/?p=19248","title":{"rendered":"Diputado Juan Santana: \u201cEs fundamental que el voto sea obligatorio\u201d"},"content":{"rendered":"\n<figure class=\"wp-block-image size-large\"><img loading=\"lazy\" decoding=\"async\" width=\"1024\" height=\"998\" src=\"https:\/\/www.radioamigavallenar.cl\/wp-content\/uploads\/2019\/12\/Juan-Santana-1-1024x998.jpg\" alt=\"\" class=\"wp-image-19249\" srcset=\"https:\/\/www.radioamigavallenar.cl\/wp-content\/uploads\/2019\/12\/Juan-Santana-1-1024x998.jpg 1024w, https:\/\/www.radioamigavallenar.cl\/wp-content\/uploads\/2019\/12\/Juan-Santana-1-300x292.jpg 300w, https:\/\/www.radioamigavallenar.cl\/wp-content\/uploads\/2019\/12\/Juan-Santana-1-768x748.jpg 768w, https:\/\/www.radioamigavallenar.cl\/wp-content\/uploads\/2019\/12\/Juan-Santana-1.jpg 1280w\" sizes=\"auto, (max-width: 1024px) 100vw, 1024px\" \/><\/figure>\n\n\n\n<p><strong>El parlamentario por Atacama valor\u00f3 que, con 96 votos a favor, 33 en contra y dos abstenciones se aprobara la idea de legislar sobre la reforma constitucional que repone el voto obligatorio en las elecciones populares.<\/strong><\/p>\n\n\n\n<p>El diputado Juan Santana se mostr\u00f3 a favor de que el voto obligatorio avanzara en el tr\u00e1mite legislativo tras la votaci\u00f3n en sala y que tiene como finalidad reemplazar el voto voluntario por la poca participaci\u00f3n ciudadana.<\/p>\n\n\n\n<p>Al respecto, el parlamentario se\u00f1al\u00f3 que \u201choy Chile es distinto. Hay una mayor masa cr\u00edtica. Hay m\u00e1s consciencia por parte de la ciudadan\u00eda sobre cu\u00e1les son los derechos sociales que el estado debe garantizar Y cu\u00e1les son los deberes que algunos esperamos que se cumplan, como por ejemplo el pago de impuestos justos, de acuerdo al ingreso de cada persona. Eso ocurre en los pa\u00edses con democracia plena. Por eso, para quienes creemos en una sociedad de deberes y derechos, es fundamental que el voto sea obligatorio\u201d.<\/p>\n\n\n\n<p>Adem\u00e1s, Santana indic\u00f3 que la idea del voto voluntario no dio los frutos que se hubieran esperado. \u201cCuando en el Gobierno de Bachelet se aprob\u00f3 el voto voluntario, exist\u00eda un inter\u00e9s por darle \u2018tiraje a la chimenea\u2019 y entregarle a las y los pol\u00edticos la responsabilidad de cautivar y convocar a los electores. Y para ser bien francos, ese objetivo no se cumpli\u00f3 porque la participaci\u00f3n ha disminuido sistem\u00e1ticamente\u201d.<\/p>\n\n\n\n<p>Cabe recordar que, con 96 votos a favor, 33 en contra y dos abstenciones la C\u00e1mara de Diputados aprob\u00f3 la idea de legislar sobre la reforma constitucional que repone el voto obligatorio en las elecciones populares. La iniciativa volver\u00e1 a la Comisi\u00f3n de Gobierno Interior tras recibir indicaciones.<\/p>\n","protected":false},"excerpt":{"rendered":"<p>El parlamentario por Atacama valor\u00f3 que, con 96 votos a favor, 33 en contra y dos abstenciones se aprobara la idea de legislar sobre la&hellip; <\/p>\n","protected":false},"author":2,"featured_media":19249,"comment_status":"open","ping_status":"closed","sticky":false,"template":"","format":"standard","meta":{"footnotes":""},"categories":[7],"tags":[],"class_list":["post-19248","post","type-post","status-publish","format-standard","has-post-thumbnail","hentry","category-atacama"],"_links":{"self":[{"href":"https:\/\/www.radioamigavallenar.cl\/index.php?rest_route=\/wp\/v2\/posts\/19248","targetHints":{"allow":["GET"]}}],"collection":[{"href":"https:\/\/www.radioamigavallenar.cl\/index.php?rest_route=\/wp\/v2\/posts"}],"about":[{"href":"https:\/\/www.radioamigavallenar.cl\/index.php?rest_route=\/wp\/v2\/types\/post"}],"author":[{"embeddable":true,"href":"https:\/\/www.radioamigavallenar.cl\/index.php?rest_route=\/wp\/v2\/users\/2"}],"replies":[{"embeddable":true,"href":"https:\/\/www.radioamigavallenar.cl\/index.php?rest_route=%2Fwp%2Fv2%2Fcomments&post=19248"}],"version-history":[{"count":0,"href":"https:\/\/www.radioamigavallenar.cl\/index.php?rest_route=\/wp\/v2\/posts\/19248\/revisions"}],"wp:featuredmedia":[{"embeddable":true,"href":"https:\/\/www.radioamigavallenar.cl\/index.php?rest_route=\/wp\/v2\/media\/19249"}],"wp:attachment":[{"href":"https:\/\/www.radioamigavallenar.cl\/index.php?rest_route=%2Fwp%2Fv2%2Fmedia&parent=19248"}],"wp:term":[{"taxonomy":"category","embeddable":true,"href":"https:\/\/www.radioamigavallenar.cl\/index.php?rest_route=%2Fwp%2Fv2%2Fcategories&post=19248"},{"taxonomy":"post_tag","embeddable":true,"href":"https:\/\/www.radioamigavallenar.cl\/index.php?rest_route=%2Fwp%2Fv2%2Ftags&post=19248"}],"curies":[{"name":"wp","href":"https:\/\/api.w.org\/{rel}","templated":true}]}}