{"id":19244,"date":"2019-12-19T10:50:27","date_gmt":"2019-12-19T13:50:27","guid":{"rendered":"https:\/\/www.radioamigavallenar.cl\/?p=19244"},"modified":"2019-12-19T10:50:28","modified_gmt":"2019-12-19T13:50:28","slug":"comision-ambiental-de-la-region-de-atacama-da-luz-verde-a-proyecto-minero-por-us-1-300-millones","status":"publish","type":"post","link":"https:\/\/www.radioamigavallenar.cl\/?p=19244","title":{"rendered":"Comisi\u00f3n Ambiental de la Regi\u00f3n de Atacama da luz verde a proyecto minero por US$ 1.300 millones"},"content":{"rendered":"\n<figure class=\"wp-block-image size-large\"><img loading=\"lazy\" decoding=\"async\" width=\"635\" height=\"411\" src=\"https:\/\/www.radioamigavallenar.cl\/wp-content\/uploads\/2019\/12\/Proyecto-Salares-Norte-de-Gold-Fields.-1.jpg\" alt=\"\" class=\"wp-image-19245\" srcset=\"https:\/\/www.radioamigavallenar.cl\/wp-content\/uploads\/2019\/12\/Proyecto-Salares-Norte-de-Gold-Fields.-1.jpg 635w, https:\/\/www.radioamigavallenar.cl\/wp-content\/uploads\/2019\/12\/Proyecto-Salares-Norte-de-Gold-Fields.-1-300x194.jpg 300w\" sizes=\"auto, (max-width: 635px) 100vw, 635px\" \/><\/figure>\n\n\n\n<p>Se trata del proyecto minero Salares del Norte que considera una inversi\u00f3n de US$ 1.300 millones.<\/p>\n\n\n\n<p>La Comisi\u00f3n de Evaluaci\u00f3n Ambiental (CEA) de la Regi\u00f3n de Atacama aprob\u00f3 ayer el estudio de impacto ambiental para el proyecto minero Salares del Norte, perteneciente a la minera sudafricana Gold Fields.<\/p>\n\n\n\n<p>Salares Norte se emplaza en la comuna de Diego de Almagro, Regi\u00f3n de Atacama, entre los 3.900 y 4.700 metros sobre el nivel del mar. Se ubica a 180 kil\u00f3metros al noreste de la capital comunal y a 330 kil\u00f3metros de Copiap\u00f3.<\/p>\n\n\n\n<p>Su altura y entorno geogr\u00e1fico eran algunos de los desaf\u00edos que enfrentaba este proyecto, que busca procesar dos millones de toneladas anuales de mineral para la producci\u00f3n de metal dor\u00e9. Con una inversi\u00f3n estimada en US$1.300 millones, su vida \u00fatil se extender\u00e1 por 17 a\u00f1os.<\/p>\n\n\n\n<p><strong>Decisi\u00f3n&nbsp;<\/strong><\/p>\n\n\n\n<p>La decisi\u00f3n un\u00e1nime fue encabezada por la intendenta subrogante de Atacama, Paulina Bassaure, y participaron los secretarios regionales de varios ministerios, entre ellos, Salud; Medio Ambiente; Econom\u00eda; Fomento y Turismo; Desarrollo Social; Energ\u00eda, Agricultura y Miner\u00eda.<\/p>\n\n\n\n<p>Se trata de una iniciativa que considera una inversi\u00f3n de US$ 1.300 millones, con una vida \u00fatil de 17 a\u00f1os, mientras que se espera que durante su construcci\u00f3n se alcance un peak de 2.700 empleos. El proyecto estar\u00eda listo en dos a\u00f1os<\/p>\n","protected":false},"excerpt":{"rendered":"<p>Se trata del proyecto minero Salares del Norte que considera una inversi\u00f3n de US$ 1.300 millones. La Comisi\u00f3n de Evaluaci\u00f3n Ambiental (CEA) de la Regi\u00f3n&hellip; <\/p>\n","protected":false},"author":2,"featured_media":19245,"comment_status":"open","ping_status":"closed","sticky":false,"template":"","format":"standard","meta":{"footnotes":""},"categories":[7,34],"tags":[],"class_list":["post-19244","post","type-post","status-publish","format-standard","has-post-thumbnail","hentry","category-atacama","category-mineria"],"_links":{"self":[{"href":"https:\/\/www.radioamigavallenar.cl\/index.php?rest_route=\/wp\/v2\/posts\/19244","targetHints":{"allow":["GET"]}}],"collection":[{"href":"https:\/\/www.radioamigavallenar.cl\/index.php?rest_route=\/wp\/v2\/posts"}],"about":[{"href":"https:\/\/www.radioamigavallenar.cl\/index.php?rest_route=\/wp\/v2\/types\/post"}],"author":[{"embeddable":true,"href":"https:\/\/www.radioamigavallenar.cl\/index.php?rest_route=\/wp\/v2\/users\/2"}],"replies":[{"embeddable":true,"href":"https:\/\/www.radioamigavallenar.cl\/index.php?rest_route=%2Fwp%2Fv2%2Fcomments&post=19244"}],"version-history":[{"count":0,"href":"https:\/\/www.radioamigavallenar.cl\/index.php?rest_route=\/wp\/v2\/posts\/19244\/revisions"}],"wp:featuredmedia":[{"embeddable":true,"href":"https:\/\/www.radioamigavallenar.cl\/index.php?rest_route=\/wp\/v2\/media\/19245"}],"wp:attachment":[{"href":"https:\/\/www.radioamigavallenar.cl\/index.php?rest_route=%2Fwp%2Fv2%2Fmedia&parent=19244"}],"wp:term":[{"taxonomy":"category","embeddable":true,"href":"https:\/\/www.radioamigavallenar.cl\/index.php?rest_route=%2Fwp%2Fv2%2Fcategories&post=19244"},{"taxonomy":"post_tag","embeddable":true,"href":"https:\/\/www.radioamigavallenar.cl\/index.php?rest_route=%2Fwp%2Fv2%2Ftags&post=19244"}],"curies":[{"name":"wp","href":"https:\/\/api.w.org\/{rel}","templated":true}]}}