{"id":19241,"date":"2019-12-19T10:44:01","date_gmt":"2019-12-19T13:44:01","guid":{"rendered":"https:\/\/www.radioamigavallenar.cl\/?p=19241"},"modified":"2019-12-19T10:44:02","modified_gmt":"2019-12-19T13:44:02","slug":"freirina-tendra-su-fiesta-de-navidad-este-fin-de-semana","status":"publish","type":"post","link":"https:\/\/www.radioamigavallenar.cl\/?p=19241","title":{"rendered":"Freirina tendr\u00e1 su fiesta de navidad este fin de semana"},"content":{"rendered":"\n<figure class=\"wp-block-image size-large\"><img loading=\"lazy\" decoding=\"async\" width=\"1024\" height=\"682\" src=\"https:\/\/www.radioamigavallenar.cl\/wp-content\/uploads\/2019\/12\/Fiesta-navide\u00f1a-Freirina-1024x682.jpeg\" alt=\"\" class=\"wp-image-19242\" srcset=\"https:\/\/www.radioamigavallenar.cl\/wp-content\/uploads\/2019\/12\/Fiesta-navide\u00f1a-Freirina-1024x682.jpeg 1024w, https:\/\/www.radioamigavallenar.cl\/wp-content\/uploads\/2019\/12\/Fiesta-navide\u00f1a-Freirina-300x200.jpeg 300w, https:\/\/www.radioamigavallenar.cl\/wp-content\/uploads\/2019\/12\/Fiesta-navide\u00f1a-Freirina-768x512.jpeg 768w, https:\/\/www.radioamigavallenar.cl\/wp-content\/uploads\/2019\/12\/Fiesta-navide\u00f1a-Freirina.jpeg 1280w\" sizes=\"auto, (max-width: 1024px) 100vw, 1024px\" \/><\/figure>\n\n\n\n<p><strong>Este s\u00e1bado 21 en la plaza de armas de la ciudad a contar de las 15:00 horas se realizar\u00e1 show navide\u00f1o para todas las familias.<\/strong><\/p>\n\n\n\n<p>La Municipalidad est\u00e1 preparando una gran fiesta de fin de a\u00f1o para los ni\u00f1os y ni\u00f1as de la comuna de los Monumentos Nacionales.<\/p>\n\n\n\n<p>Juegos, actividades recreativas, m\u00fasica infantil y muchas sorpresas, junto a un gran show art\u00edstico,&nbsp; ser\u00e1n parte de la jornada navide\u00f1a que llega a Freirina este s\u00e1bado por la tarde.<\/p>\n\n\n\n<p>\u00abVamos a tener golosinas, pinta caritas y regalos para repartir entre los ni\u00f1os y ni\u00f1as que lleguen el s\u00e1bado a nuestro principal punto de encuentro como lo es la plaza de armas de la comuna. Todo esto es a partir de las 15:00 horas, donde ser\u00e1 un espacio de recreaci\u00f3n y muy familiar\u00bb, dijo el Alcalde.<\/p>\n\n\n\n<p>La actividad contar\u00e1 con juegos inflables y camas el\u00e1sticas, como panorama, lo que sin lugar a dudas es un entretenido evento para este fin de semana en familia, todo en un s\u00f3lo lugar para esperar juntos la llegada del viejito pascuero.<\/p>\n\n\n\n<p>Recordar que la Municipalidad har\u00e1 entrega de regalos para ni\u00f1os de hasta 12 a\u00f1os que se inscribieron previamente en la Oficina de Gesti\u00f3n Territorial, misma&nbsp; unidad que estar\u00e1 entregando los tickets de cambio para dulces, cuyo plazo ser\u00e1 hasta este viernes 20 en horario de atenci\u00f3n de p\u00fablico, es decir, de nueve a catorce horas por la ma\u00f1ana y por la tarde desde las quince hasta las diecisiete.<\/p>\n\n\n\n<p>\u00abSer\u00e1 una gran fiesta familiar, en la armon\u00eda y tranquilidad que caracteriza a la familia freirinense, por eso aprovecho esta instancia de hacer un llamado a que nos juntemos este s\u00e1bado para pasar una agradable jornada\u00bb puntualiz\u00f3 la autoridad.<\/p>\n","protected":false},"excerpt":{"rendered":"<p>Este s\u00e1bado 21 en la plaza de armas de la ciudad a contar de las 15:00 horas se realizar\u00e1 show navide\u00f1o para todas las familias.&hellip; <\/p>\n","protected":false},"author":2,"featured_media":19242,"comment_status":"open","ping_status":"closed","sticky":false,"template":"","format":"standard","meta":{"footnotes":""},"categories":[3],"tags":[],"class_list":["post-19241","post","type-post","status-publish","format-standard","has-post-thumbnail","hentry","category-freirina"],"_links":{"self":[{"href":"https:\/\/www.radioamigavallenar.cl\/index.php?rest_route=\/wp\/v2\/posts\/19241","targetHints":{"allow":["GET"]}}],"collection":[{"href":"https:\/\/www.radioamigavallenar.cl\/index.php?rest_route=\/wp\/v2\/posts"}],"about":[{"href":"https:\/\/www.radioamigavallenar.cl\/index.php?rest_route=\/wp\/v2\/types\/post"}],"author":[{"embeddable":true,"href":"https:\/\/www.radioamigavallenar.cl\/index.php?rest_route=\/wp\/v2\/users\/2"}],"replies":[{"embeddable":true,"href":"https:\/\/www.radioamigavallenar.cl\/index.php?rest_route=%2Fwp%2Fv2%2Fcomments&post=19241"}],"version-history":[{"count":0,"href":"https:\/\/www.radioamigavallenar.cl\/index.php?rest_route=\/wp\/v2\/posts\/19241\/revisions"}],"wp:featuredmedia":[{"embeddable":true,"href":"https:\/\/www.radioamigavallenar.cl\/index.php?rest_route=\/wp\/v2\/media\/19242"}],"wp:attachment":[{"href":"https:\/\/www.radioamigavallenar.cl\/index.php?rest_route=%2Fwp%2Fv2%2Fmedia&parent=19241"}],"wp:term":[{"taxonomy":"category","embeddable":true,"href":"https:\/\/www.radioamigavallenar.cl\/index.php?rest_route=%2Fwp%2Fv2%2Fcategories&post=19241"},{"taxonomy":"post_tag","embeddable":true,"href":"https:\/\/www.radioamigavallenar.cl\/index.php?rest_route=%2Fwp%2Fv2%2Ftags&post=19241"}],"curies":[{"name":"wp","href":"https:\/\/api.w.org\/{rel}","templated":true}]}}