{"id":19238,"date":"2019-12-19T10:42:37","date_gmt":"2019-12-19T13:42:37","guid":{"rendered":"https:\/\/www.radioamigavallenar.cl\/?p=19238"},"modified":"2019-12-19T10:42:38","modified_gmt":"2019-12-19T13:42:38","slug":"correoschile-hace-ultimo-llamado-a-apadrinar-cartas-esta-navidad","status":"publish","type":"post","link":"https:\/\/www.radioamigavallenar.cl\/?p=19238","title":{"rendered":"CorreosChile hace \u00faltimo llamado a apadrinar cartas esta navidad"},"content":{"rendered":"\n<figure class=\"wp-block-image size-large\"><img loading=\"lazy\" decoding=\"async\" width=\"800\" height=\"600\" src=\"https:\/\/www.radioamigavallenar.cl\/wp-content\/uploads\/2019\/12\/correo-800x600-1.jpeg\" alt=\"\" class=\"wp-image-19239\" srcset=\"https:\/\/www.radioamigavallenar.cl\/wp-content\/uploads\/2019\/12\/correo-800x600-1.jpeg 800w, https:\/\/www.radioamigavallenar.cl\/wp-content\/uploads\/2019\/12\/correo-800x600-1-300x225.jpeg 300w, https:\/\/www.radioamigavallenar.cl\/wp-content\/uploads\/2019\/12\/correo-800x600-1-768x576.jpeg 768w\" sizes=\"auto, (max-width: 800px) 100vw, 800px\" \/><\/figure>\n\n\n\n<p>A menos de una semana para el t\u00e9rmino de una nueva edici\u00f3n de su tradicional Campa\u00f1a de Navidad que este se ha desarrollado bajo el lema \u201cEntrega con Sentido\u201d, CorreosChile dio a conocer un \u00faltimo balance de la cruzada solidaria que busca apadrinar los sue\u00f1os de miles de ni\u00f1as y ni\u00f1os de escasos recursos.<\/p>\n\n\n\n<p>Las cifras parciales de la campa\u00f1a fueron dadas a conocer por la gerente de Asuntos Corporativos de CorreosChile, Carol Pacheco, quien destac\u00f3 que, de las cartas recibidas en las sucursales navide\u00f1as de la empresa, el 53% tiene un padrino; es decir m\u00e1s de 11 mil ni\u00f1os recibir\u00e1n un regalo esta navidad. Mientras que en el sitio web navidad.correos.cl, ya han sido apadrinados m\u00e1s de 9 mil deseos navide\u00f1os.<\/p>\n\n\n\n<p>La ejecutiva reforz\u00f3 que quienes quieran apadrinar una carta, pueden acercarse lo antes posible a las 40 sucursales habilitadas por CorreosChile a lo largo de todo el pa\u00eds, o bien ingresar al sitio navidad.correos.cl para apadrinar cartas de la Regi\u00f3n Metropolitana.<\/p>\n\n\n\n<p>\u201cHacemos un especial llamado a quienes a\u00fan no se suman a esta iniciativa, para que se acerquen a nuestros puntos habilitados a lo largo del pa\u00eds y apadrinen una carta. Hoy m\u00e1s que nunca, miles de familias y ni\u00f1os conf\u00edan en la solidaridad que caracteriza a los chilenos\u201d, explic\u00f3.<\/p>\n\n\n\n<p>Desde CorreosChile destacaron la importancia de que los regalos sean entregados con anterioridad al viernes 20 de diciembre \u2013d\u00eda en que finaliza la campa\u00f1a\u2013 en las 40 sucursales navide\u00f1as habilitadas a lo largo de todo Chile, con la finalidad de que \u00e9stos lleguen antes de Noche Buena a las casas de los menores beneficiados.<\/p>\n\n\n\n<p>Seg\u00fan cifras de la empresa postal, el a\u00f1o pasado se logr\u00f3 apadrinar el 84% de las cartas puestas a disposici\u00f3n del p\u00fablico a nivel nacional.<\/p>\n\n\n\n<p>Quienes deseen apoyar la campa\u00f1a a trav\u00e9s de Redes Sociales lo podr\u00e1n hacer con el hashtag #ApadrinaUnaCarta.<\/p>\n","protected":false},"excerpt":{"rendered":"<p>A menos de una semana para el t\u00e9rmino de una nueva edici\u00f3n de su tradicional Campa\u00f1a de Navidad que este se ha desarrollado bajo el&hellip; <\/p>\n","protected":false},"author":2,"featured_media":19239,"comment_status":"open","ping_status":"closed","sticky":false,"template":"","format":"standard","meta":{"footnotes":""},"categories":[37],"tags":[],"class_list":["post-19238","post","type-post","status-publish","format-standard","has-post-thumbnail","hentry","category-nacional"],"_links":{"self":[{"href":"https:\/\/www.radioamigavallenar.cl\/index.php?rest_route=\/wp\/v2\/posts\/19238","targetHints":{"allow":["GET"]}}],"collection":[{"href":"https:\/\/www.radioamigavallenar.cl\/index.php?rest_route=\/wp\/v2\/posts"}],"about":[{"href":"https:\/\/www.radioamigavallenar.cl\/index.php?rest_route=\/wp\/v2\/types\/post"}],"author":[{"embeddable":true,"href":"https:\/\/www.radioamigavallenar.cl\/index.php?rest_route=\/wp\/v2\/users\/2"}],"replies":[{"embeddable":true,"href":"https:\/\/www.radioamigavallenar.cl\/index.php?rest_route=%2Fwp%2Fv2%2Fcomments&post=19238"}],"version-history":[{"count":0,"href":"https:\/\/www.radioamigavallenar.cl\/index.php?rest_route=\/wp\/v2\/posts\/19238\/revisions"}],"wp:featuredmedia":[{"embeddable":true,"href":"https:\/\/www.radioamigavallenar.cl\/index.php?rest_route=\/wp\/v2\/media\/19239"}],"wp:attachment":[{"href":"https:\/\/www.radioamigavallenar.cl\/index.php?rest_route=%2Fwp%2Fv2%2Fmedia&parent=19238"}],"wp:term":[{"taxonomy":"category","embeddable":true,"href":"https:\/\/www.radioamigavallenar.cl\/index.php?rest_route=%2Fwp%2Fv2%2Fcategories&post=19238"},{"taxonomy":"post_tag","embeddable":true,"href":"https:\/\/www.radioamigavallenar.cl\/index.php?rest_route=%2Fwp%2Fv2%2Ftags&post=19238"}],"curies":[{"name":"wp","href":"https:\/\/api.w.org\/{rel}","templated":true}]}}