{"id":19235,"date":"2019-12-19T10:41:35","date_gmt":"2019-12-19T13:41:35","guid":{"rendered":"https:\/\/www.radioamigavallenar.cl\/?p=19235"},"modified":"2019-12-19T10:41:36","modified_gmt":"2019-12-19T13:41:36","slug":"resultados-sae-2019-familias-optan-por-colegios-que-no-estuvieron-en-paro","status":"publish","type":"post","link":"https:\/\/www.radioamigavallenar.cl\/?p=19235","title":{"rendered":"Resultados SAE 2019: Familias optan por colegios que no estuvieron en paro"},"content":{"rendered":"\n<figure class=\"wp-block-image size-large\"><img loading=\"lazy\" decoding=\"async\" width=\"800\" height=\"531\" src=\"https:\/\/www.radioamigavallenar.cl\/wp-content\/uploads\/2019\/12\/sae-800x531-1.jpg\" alt=\"\" class=\"wp-image-19236\" srcset=\"https:\/\/www.radioamigavallenar.cl\/wp-content\/uploads\/2019\/12\/sae-800x531-1.jpg 800w, https:\/\/www.radioamigavallenar.cl\/wp-content\/uploads\/2019\/12\/sae-800x531-1-300x199.jpg 300w, https:\/\/www.radioamigavallenar.cl\/wp-content\/uploads\/2019\/12\/sae-800x531-1-768x510.jpg 768w\" sizes=\"auto, (max-width: 800px) 100vw, 800px\" \/><\/figure>\n\n\n\n<p>El Ministerio de Educaci\u00f3n present\u00f3 los resultados del Sistema de Admisi\u00f3n Escolar (SAE), creado el a\u00f1o 2015 y que la ley obligaba aplicar este a\u00f1o en todo Chile.<\/p>\n\n\n\n<p>El Sistema de Admisi\u00f3n Escolar ha sido duramente criticado por la Ministra Marcela Cubillos qui\u00e9n intent\u00f3 reformarlo este a\u00f1o a trav\u00e9s del proyecto Admisi\u00f3n Justa que envi\u00f3 el Gobierno pero que fue rechazado en bloque por la oposici\u00f3n.<\/p>\n\n\n\n<p class=\"has-text-align-center\"><strong>Algunos de los datos que arroja el SAE 2019<\/strong><\/p>\n\n\n\n<ul class=\"wp-block-list\"><li>Este a\u00f1o participaron 483.070 postulantes durante el proceso regular, de ellos el 74% (355.344 postulantes) pusieron en primera preferencia un establecimiento y nivel con m\u00e1s demanda con vacantes, es decir, para todos ellos oper\u00f3 el procedimiento aleatorio con criterios de prioridad.<\/li><li>A nivel nacional, respecto a aquellos postulantes que pusieron en primera preferencia un colegio y nivel con m\u00e1s postulantes que vacantes, es decir aquellos en que se aplic\u00f3 el sistema aleatorio para asignar preferencias, s\u00f3lo el 36% logr\u00f3 quedar en su primera preferencia<\/li><li>Si se considera a los mejores alumnos de los colegios de origen, s\u00f3lo un 34% de ellos qued\u00f3 en su primera preferencia, al postular a cursos de S\u00e9ptimo B\u00e1sico en adelante. Es necesario recordar que el SAE no considera el m\u00e9rito acad\u00e9mico de los estudiantes, lo que fue una gran disputa porque la Ministra Cubillos impuls\u00f3 el proyecto de ley Admisi\u00f3n Justa para reformarlo y que se reconociera el esfuerzo acad\u00e9mico de los alumnos que postulaban a partir de S\u00e9ptimo<\/li><li>Los colegios que no estuvieron en paro durante el a\u00f1o 2019 recibieron en promedio m\u00e1s del doble de postulaciones de aquellos que s\u00ed estuvieron en paro.<\/li><li>Los Liceos Bicentenario fueron fuertemente preferidos por las familias y los j\u00f3venes, con una cantidad de postulaciones promedio casi 8 veces superior a la del resto de los establecimientos secundarios.<\/li><li>Los colegios particulares subvencionados son altamente preferidos por las familias (328 postulaciones promedio), seguidos por los municipales (96) y Servicios Locales de Educaci\u00f3n (79).<\/li><\/ul>\n\n\n\n<p>\u201cLos padres tienen todo el derecho a elegir un colegio en que las clases se hagan y no se suspendan, y nos interesa que el derecho de los apoderados se respete, por eso estamos haciendo una consulta online en cabildosdeapoderados.mineduc.cl para que las familias puedan ser escuchadas, y entre otras preguntas, responder si prefieren este sistema centralizado y aleatorio creado durante el Gobierno anterior o les gustar\u00eda volver al sistema antiguo en que se postulaba directo en cada colegio\u201d, se\u00f1al\u00f3 la Ministra Marcela Cubillos<\/p>\n\n\n\n<p>B\u00e1rbara Manriquez, asesora del Mineduc en Admisi\u00f3n Escolar, destac\u00f3 que \u201ceste a\u00f1o que se modific\u00f3 el Reglamento de Admisi\u00f3n, para poder dar mayor flexibilidad en los plazos a los sostenedores que deseen aumentar la capacidad de sus establecimientos y recibir m\u00e1s alumnos que las vacantes declaradas en junio, siempre que su reconocimiento oficial lo permita y previa autorizaci\u00f3n de la Serem\u00eda\u201d<\/p>\n","protected":false},"excerpt":{"rendered":"<p>El Ministerio de Educaci\u00f3n present\u00f3 los resultados del Sistema de Admisi\u00f3n Escolar (SAE), creado el a\u00f1o 2015 y que la ley obligaba aplicar este a\u00f1o&hellip; <\/p>\n","protected":false},"author":2,"featured_media":19236,"comment_status":"open","ping_status":"closed","sticky":false,"template":"","format":"standard","meta":{"footnotes":""},"categories":[37],"tags":[],"class_list":["post-19235","post","type-post","status-publish","format-standard","has-post-thumbnail","hentry","category-nacional"],"_links":{"self":[{"href":"https:\/\/www.radioamigavallenar.cl\/index.php?rest_route=\/wp\/v2\/posts\/19235","targetHints":{"allow":["GET"]}}],"collection":[{"href":"https:\/\/www.radioamigavallenar.cl\/index.php?rest_route=\/wp\/v2\/posts"}],"about":[{"href":"https:\/\/www.radioamigavallenar.cl\/index.php?rest_route=\/wp\/v2\/types\/post"}],"author":[{"embeddable":true,"href":"https:\/\/www.radioamigavallenar.cl\/index.php?rest_route=\/wp\/v2\/users\/2"}],"replies":[{"embeddable":true,"href":"https:\/\/www.radioamigavallenar.cl\/index.php?rest_route=%2Fwp%2Fv2%2Fcomments&post=19235"}],"version-history":[{"count":0,"href":"https:\/\/www.radioamigavallenar.cl\/index.php?rest_route=\/wp\/v2\/posts\/19235\/revisions"}],"wp:featuredmedia":[{"embeddable":true,"href":"https:\/\/www.radioamigavallenar.cl\/index.php?rest_route=\/wp\/v2\/media\/19236"}],"wp:attachment":[{"href":"https:\/\/www.radioamigavallenar.cl\/index.php?rest_route=%2Fwp%2Fv2%2Fmedia&parent=19235"}],"wp:term":[{"taxonomy":"category","embeddable":true,"href":"https:\/\/www.radioamigavallenar.cl\/index.php?rest_route=%2Fwp%2Fv2%2Fcategories&post=19235"},{"taxonomy":"post_tag","embeddable":true,"href":"https:\/\/www.radioamigavallenar.cl\/index.php?rest_route=%2Fwp%2Fv2%2Ftags&post=19235"}],"curies":[{"name":"wp","href":"https:\/\/api.w.org\/{rel}","templated":true}]}}