{"id":19213,"date":"2019-12-19T00:00:00","date_gmt":"2019-12-19T03:00:00","guid":{"rendered":"https:\/\/www.radioamigavallenar.cl\/?p=19213"},"modified":"2019-12-18T21:31:29","modified_gmt":"2019-12-19T00:31:29","slug":"emiten-alerta-de-marejadas-para-este-fin-de-semana","status":"publish","type":"post","link":"https:\/\/www.radioamigavallenar.cl\/?p=19213","title":{"rendered":"Emiten alerta de marejadas para este fin de semana"},"content":{"rendered":"\n<figure class=\"wp-block-image size-large\"><img loading=\"lazy\" decoding=\"async\" width=\"940\" height=\"585\" src=\"https:\/\/www.radioamigavallenar.cl\/wp-content\/uploads\/2019\/12\/marejadas.jpeg\" alt=\"\" class=\"wp-image-19214\" srcset=\"https:\/\/www.radioamigavallenar.cl\/wp-content\/uploads\/2019\/12\/marejadas.jpeg 940w, https:\/\/www.radioamigavallenar.cl\/wp-content\/uploads\/2019\/12\/marejadas-300x187.jpeg 300w, https:\/\/www.radioamigavallenar.cl\/wp-content\/uploads\/2019\/12\/marejadas-768x478.jpeg 768w\" sizes=\"auto, (max-width: 940px) 100vw, 940px\" \/><\/figure>\n\n\n\n<p>Se esperan olas de hasta dos metros de altura, entre Arica y Pichilemu, incluyendo al archipi\u00e9lago de Juan Fern\u00e1ndez.<\/p>\n\n\n\n<p>El\u00a0Centro Meteorol\u00f3gico Mar\u00edtimo de Valpara\u00edso\u00a0emiti\u00f3 una aviso de marejadas, las que se presentar\u00e1n durante\u00a0este fin de semana desde Arica hasta Pichilemu y el Archipi\u00e9lago Juan Fern\u00e1ndez.<\/p>\n\n\n\n<p>\u00abSe estima que el inicio de esta condici\u00f3n se manifieste<strong>\u00a0<\/strong>a contar del jueves 19 hasta el lunes 23 de diciembre, alcanzando su mayor desarrollo en las respectivas horas de pleamar<strong>\u00a0<\/strong>y seg\u00fan las condiciones de viento local\u00bb, precis\u00f3 el organismo.<\/p>\n\n\n\n<p>Por otro lado, el capit\u00e1n de corbeta Roberto D\u00edaz, jefe del Centro, agreg\u00f3 que \u00aba contar del jueves esperamos marejadas del noroeste en nuestro litoral y territorio insular, generando oleaje de\u00a0hasta 2,0 metros de altura<strong>\u00a0<\/strong>y rompiente en bah\u00edas abiertas a esa direcci\u00f3n. Estas marejadas corresponden al aviso especial n\u00famero 40 y es el tercero con oleaje proveniente del noroeste en lo que va del a\u00f1o\u201d.<\/p>\n\n\n\n<p>Por lo anterior, la autoridad mar\u00edtima llam\u00f3 a la ciudadan\u00eda a actuar con cautela, respetando las normas de seguridad establecidas.<\/p>\n\n\n\n<h3 class=\"wp-block-heading\"><strong>Las marejadas llegar\u00e1n a la costa en las siguientes fechas:<\/strong><\/h3>\n\n\n\n<p>\u2013 Arica hasta Pichilemu: Jueves 19 diciembre (am)<\/p>\n\n\n\n<p>\u2013 Archipi\u00e9lago Juan Fern\u00e1ndez: Jueves 19 diciembre (pm)<\/p>\n\n\n\n<h3 class=\"wp-block-heading\"><strong>La condici\u00f3n de mar se mantendr\u00e1 hasta:<\/strong><\/h3>\n\n\n\n<p>\u2013 Coquimbo hasta Pichilemu: Viernes 20 diciembre<\/p>\n\n\n\n<p>\u2013 Archipi\u00e9lago Juan Fern\u00e1ndez: S\u00e1bado 21 diciembre<\/p>\n\n\n\n<p>\u2013 Arica hasta Coquimbo: Lunes 23 diciembre<\/p>\n","protected":false},"excerpt":{"rendered":"<p>Se esperan olas de hasta dos metros de altura, entre Arica y Pichilemu, incluyendo al archipi\u00e9lago de Juan Fern\u00e1ndez. El\u00a0Centro Meteorol\u00f3gico Mar\u00edtimo de Valpara\u00edso\u00a0emiti\u00f3 una&hellip; <\/p>\n","protected":false},"author":2,"featured_media":19214,"comment_status":"open","ping_status":"closed","sticky":false,"template":"","format":"standard","meta":{"footnotes":""},"categories":[7,37],"tags":[],"class_list":["post-19213","post","type-post","status-publish","format-standard","has-post-thumbnail","hentry","category-atacama","category-nacional"],"_links":{"self":[{"href":"https:\/\/www.radioamigavallenar.cl\/index.php?rest_route=\/wp\/v2\/posts\/19213","targetHints":{"allow":["GET"]}}],"collection":[{"href":"https:\/\/www.radioamigavallenar.cl\/index.php?rest_route=\/wp\/v2\/posts"}],"about":[{"href":"https:\/\/www.radioamigavallenar.cl\/index.php?rest_route=\/wp\/v2\/types\/post"}],"author":[{"embeddable":true,"href":"https:\/\/www.radioamigavallenar.cl\/index.php?rest_route=\/wp\/v2\/users\/2"}],"replies":[{"embeddable":true,"href":"https:\/\/www.radioamigavallenar.cl\/index.php?rest_route=%2Fwp%2Fv2%2Fcomments&post=19213"}],"version-history":[{"count":0,"href":"https:\/\/www.radioamigavallenar.cl\/index.php?rest_route=\/wp\/v2\/posts\/19213\/revisions"}],"wp:featuredmedia":[{"embeddable":true,"href":"https:\/\/www.radioamigavallenar.cl\/index.php?rest_route=\/wp\/v2\/media\/19214"}],"wp:attachment":[{"href":"https:\/\/www.radioamigavallenar.cl\/index.php?rest_route=%2Fwp%2Fv2%2Fmedia&parent=19213"}],"wp:term":[{"taxonomy":"category","embeddable":true,"href":"https:\/\/www.radioamigavallenar.cl\/index.php?rest_route=%2Fwp%2Fv2%2Fcategories&post=19213"},{"taxonomy":"post_tag","embeddable":true,"href":"https:\/\/www.radioamigavallenar.cl\/index.php?rest_route=%2Fwp%2Fv2%2Ftags&post=19213"}],"curies":[{"name":"wp","href":"https:\/\/api.w.org\/{rel}","templated":true}]}}