{"id":19210,"date":"2019-12-18T12:26:24","date_gmt":"2019-12-18T15:26:24","guid":{"rendered":"https:\/\/www.radioamigavallenar.cl\/?p=19210"},"modified":"2019-12-18T12:26:25","modified_gmt":"2019-12-18T15:26:25","slug":"division-salvador-de-codelco-federacion-de-trabajadores-del-cobre-ya-tiene-nuevo-presidente","status":"publish","type":"post","link":"https:\/\/www.radioamigavallenar.cl\/?p=19210","title":{"rendered":"Division Salvador de Codelco: Federaci\u00f3n de Trabajadores del Cobre ya tiene nuevo presidente"},"content":{"rendered":"\n<figure class=\"wp-block-image size-large\"><img loading=\"lazy\" decoding=\"async\" width=\"600\" height=\"400\" src=\"https:\/\/www.radioamigavallenar.cl\/wp-content\/uploads\/2019\/12\/Foto-2-Entrevista-FTC-132_Visita-a-Mina-Caserones_MCH_dic2010.jpg\" alt=\"\" class=\"wp-image-19211\" srcset=\"https:\/\/www.radioamigavallenar.cl\/wp-content\/uploads\/2019\/12\/Foto-2-Entrevista-FTC-132_Visita-a-Mina-Caserones_MCH_dic2010.jpg 600w, https:\/\/www.radioamigavallenar.cl\/wp-content\/uploads\/2019\/12\/Foto-2-Entrevista-FTC-132_Visita-a-Mina-Caserones_MCH_dic2010-300x200.jpg 300w\" sizes=\"auto, (max-width: 600px) 100vw, 600px\" \/><figcaption>06 de octubre de 2010, Visita a Mina Caserones, en la region de Atacama, operada por Lumina Copper. Foto: Juan Carlos Recabal Diaz \/ MCH<\/figcaption><\/figure>\n\n\n\n<p>Patricio Elgueta, presidente del sindicato n\u00famero 2 de trabajadores de Potrerillos, en la Divisi\u00f3n Salvador de Codelco, result\u00f3 electo como nuevo presidente.<\/p>\n\n\n\n<p>Patricio Elgueta, presidente del sindicato n\u00famero 2 de trabajadores de Potrerillos, en la Divisi\u00f3n Salvador de Codelco, result\u00f3 elegido como nuevo presidente de la Federaci\u00f3n de Trabajadores del Cobre (FTC).<\/p>\n\n\n\n<p>Este gremio agrupa a la gran mayor\u00eda de trabajadores de Codelco, adem\u00e1s de otros sindicatos de empresas privadas que est\u00e1n o estuvieron relacionadas con la minera estatal.<\/p>\n\n\n\n<p>La decisi\u00f3n fue tomada este martes por parte del nuevo consejo Nacional de la FTC, gremio que realiz\u00f3 una profunda renovaci\u00f3n a su c\u00fapula directiva. En concreto, dirigentes de largo recorrido, como el ex presidente y actual director de Codelco, Raimundo Espinoza, dieron paso a dirigentes que hasta ahora no hab\u00edan tenido roles en la primera l\u00ednea sindical de la corporaci\u00f3n.<\/p>\n\n\n\n<p>El sucesor de Espinoza al mando de la FTC, Juan Olgu\u00edn, tampoco figura en la n\u00f3mina de nuevos directivos de la agrupaci\u00f3n sindical.<\/p>\n\n\n\n<p>Cabe destacar que Olgu\u00edn result\u00f3 cuestionado luego la federaci\u00f3n adhiriera a uno de los paros nacionales convocados en medio de las manifestaciones sociales. La participaci\u00f3n de Olgu\u00edn en una mesa con el ministro de Miner\u00eda, Baldo Prokurica, para buscar poner fin a la manifestaci\u00f3n, molesto al resto de los dirigentes sindicales, quienes acusaron al entonces presidente de la FTC de no haber consultado la decisi\u00f3n con las bases. Ello finalmente le terminar\u00eda costando en el puesto.<\/p>\n","protected":false},"excerpt":{"rendered":"<p>Patricio Elgueta, presidente del sindicato n\u00famero 2 de trabajadores de Potrerillos, en la Divisi\u00f3n Salvador de Codelco, result\u00f3 electo como nuevo presidente. Patricio Elgueta, presidente&hellip; <\/p>\n","protected":false},"author":2,"featured_media":19211,"comment_status":"open","ping_status":"closed","sticky":false,"template":"","format":"standard","meta":{"footnotes":""},"categories":[7,34],"tags":[],"class_list":["post-19210","post","type-post","status-publish","format-standard","has-post-thumbnail","hentry","category-atacama","category-mineria"],"_links":{"self":[{"href":"https:\/\/www.radioamigavallenar.cl\/index.php?rest_route=\/wp\/v2\/posts\/19210","targetHints":{"allow":["GET"]}}],"collection":[{"href":"https:\/\/www.radioamigavallenar.cl\/index.php?rest_route=\/wp\/v2\/posts"}],"about":[{"href":"https:\/\/www.radioamigavallenar.cl\/index.php?rest_route=\/wp\/v2\/types\/post"}],"author":[{"embeddable":true,"href":"https:\/\/www.radioamigavallenar.cl\/index.php?rest_route=\/wp\/v2\/users\/2"}],"replies":[{"embeddable":true,"href":"https:\/\/www.radioamigavallenar.cl\/index.php?rest_route=%2Fwp%2Fv2%2Fcomments&post=19210"}],"version-history":[{"count":0,"href":"https:\/\/www.radioamigavallenar.cl\/index.php?rest_route=\/wp\/v2\/posts\/19210\/revisions"}],"wp:featuredmedia":[{"embeddable":true,"href":"https:\/\/www.radioamigavallenar.cl\/index.php?rest_route=\/wp\/v2\/media\/19211"}],"wp:attachment":[{"href":"https:\/\/www.radioamigavallenar.cl\/index.php?rest_route=%2Fwp%2Fv2%2Fmedia&parent=19210"}],"wp:term":[{"taxonomy":"category","embeddable":true,"href":"https:\/\/www.radioamigavallenar.cl\/index.php?rest_route=%2Fwp%2Fv2%2Fcategories&post=19210"},{"taxonomy":"post_tag","embeddable":true,"href":"https:\/\/www.radioamigavallenar.cl\/index.php?rest_route=%2Fwp%2Fv2%2Ftags&post=19210"}],"curies":[{"name":"wp","href":"https:\/\/api.w.org\/{rel}","templated":true}]}}