{"id":19207,"date":"2019-12-18T12:25:07","date_gmt":"2019-12-18T15:25:07","guid":{"rendered":"https:\/\/www.radioamigavallenar.cl\/?p=19207"},"modified":"2019-12-18T12:25:08","modified_gmt":"2019-12-18T15:25:08","slug":"mas-de-17-mil-pensionados-de-atacama-reciben-aguinaldo-de-navidad","status":"publish","type":"post","link":"https:\/\/www.radioamigavallenar.cl\/?p=19207","title":{"rendered":"M\u00e1s de 17 mil pensionados de Atacama reciben Aguinaldo de Navidad"},"content":{"rendered":"\n<figure class=\"wp-block-image size-large\"><img loading=\"lazy\" decoding=\"async\" width=\"1024\" height=\"683\" src=\"https:\/\/www.radioamigavallenar.cl\/wp-content\/uploads\/2019\/12\/Aguinaldo-1024x683.jpg\" alt=\"\" class=\"wp-image-19208\" srcset=\"https:\/\/www.radioamigavallenar.cl\/wp-content\/uploads\/2019\/12\/Aguinaldo-1024x683.jpg 1024w, https:\/\/www.radioamigavallenar.cl\/wp-content\/uploads\/2019\/12\/Aguinaldo-300x200.jpg 300w, https:\/\/www.radioamigavallenar.cl\/wp-content\/uploads\/2019\/12\/Aguinaldo-768x512.jpg 768w, https:\/\/www.radioamigavallenar.cl\/wp-content\/uploads\/2019\/12\/Aguinaldo.jpg 1200w\" sizes=\"auto, (max-width: 1024px) 100vw, 1024px\" \/><\/figure>\n\n\n\n<p><strong>El pasado 1 de diciembre se inici\u00f3 el pago de este beneficio a los pensionados y pensionadas de la regi\u00f3n que cumplen con los requisitos establecidos en la Ley.<\/strong><\/p>\n\n\n\n<p>A dos semanas de que se iniciara la entrega del tradicional aguinaldo de navidad a los pensionadas y pensionadas del pa\u00eds, el Instituto de Previsi\u00f3n Social Atacama, destaca el normal desarrollo de pagos a los beneficiados de la regi\u00f3n.<\/p>\n\n\n\n<p>El monto del beneficio estatal es de $22.452 por pensionado, cifra que se ve incrementada en $12.685 por cada carga familiar que el beneficiario tenga debidamente acreditada al 30 de noviembre del a\u00f1o en curso.<\/p>\n\n\n\n<p>Respecto al aporte estatal, el Seremi del Trabajo y Previsi\u00f3n Social, Carlos Leal Varas, se\u00f1al\u00f3 que \u00abEl aguinaldo viene a beneficiar a m\u00e1s de 17 mil pensionados a nivel regional, lo que es de gran ayuda para nuestros pensionados. Es un aporte importante en un mes que est\u00e1 lleno de gastos producto de las fiestas de fin de a\u00f1o. Como Gobierno estamos comprometidos con nuestros adultos mayores, en mejorar su calidad de vida, raz\u00f3n por la cual entregamos el aguinaldo navide\u00f1o conjuntamente con el aumento de las pensiones del Pilar Solidario\u201d.<\/p>\n\n\n\n<p>Sobre la inversi\u00f3n que significa el beneficio, la autoridad coment\u00f3 que solo en Atacama el Estado est\u00e1 desembolsando m\u00e1s de 400 millones de pesos para materializar la iniciativa.<\/p>\n\n\n\n<p>Cabe destacar que, de acuerdo a la normativa, tienen derecho al beneficio los pensionados y pensionadas del Instituto de Previsi\u00f3n Social que al 30 de noviembre tengan pensi\u00f3n B\u00e1sica Solidaria, pensi\u00f3n de DIPRECA y CAPREDENA, o pensi\u00f3n del Instituto de Seguridad Laboral y de la Ley de Accidentes del Trabajo.&nbsp;As\u00ed mismo tienen derecho los pensionados del Sistema de AFP, siempre que perciban Aporte Previsional Solidario (APS) o pensiones m\u00ednimas con Garant\u00eda Estatal.<\/p>\n\n\n\n<p><strong>Recomendaciones:<\/strong><\/p>\n\n\n\n<p>Respecto al sistema de pago de este aguinaldo, el Coordinador Jur\u00eddico de IPS Atacama, Roberto D\u00edaz Lastarria, record\u00f3 que en el caso del Instituto de Previsi\u00f3n Social (IPS), el aguinaldo se incluye en la liquidaci\u00f3n de pago de diciembre y se cancela antes de Navidad; por lo tanto, los pensionados no deben hacer ning\u00fan tr\u00e1mite adicional para recibirlo. En el caso de las otras instituciones que pagan el beneficio, cada una determina su modalidad de pago.<\/p>\n\n\n\n<p>D\u00edaz adem\u00e1s, inst\u00f3 a los adultos mayores a tomar las medidas necesarias para resguardar su seguridad, \u201cNos interesa que los pensionados tomen precauciones de autocuidado, y para ello queremos compartir algunas recomendaciones para el momento de recibir su aguinaldo, como procurar acudir al local de pago acompa\u00f1ado por alguien de su confianza, evitar el di\u00e1logo con personas desconocidas a la salida de local, contar el dinero al interior de las oficinas de pago, guardar el dinero en un lugar seguro antes de abandonar el lugar de pago, y en caso de tener alguna duda, hacerla saber a los funcionarios de la red ChileAtiende del IPS que est\u00e1n debidamente acreditados o a personal de Los H\u00e9roes y BancoEstado, donde reciba su pago\u201d.<\/p>\n","protected":false},"excerpt":{"rendered":"<p>El pasado 1 de diciembre se inici\u00f3 el pago de este beneficio a los pensionados y pensionadas de la regi\u00f3n que cumplen con los requisitos&hellip; <\/p>\n","protected":false},"author":2,"featured_media":19208,"comment_status":"open","ping_status":"closed","sticky":false,"template":"","format":"standard","meta":{"footnotes":""},"categories":[7],"tags":[],"class_list":["post-19207","post","type-post","status-publish","format-standard","has-post-thumbnail","hentry","category-atacama"],"_links":{"self":[{"href":"https:\/\/www.radioamigavallenar.cl\/index.php?rest_route=\/wp\/v2\/posts\/19207","targetHints":{"allow":["GET"]}}],"collection":[{"href":"https:\/\/www.radioamigavallenar.cl\/index.php?rest_route=\/wp\/v2\/posts"}],"about":[{"href":"https:\/\/www.radioamigavallenar.cl\/index.php?rest_route=\/wp\/v2\/types\/post"}],"author":[{"embeddable":true,"href":"https:\/\/www.radioamigavallenar.cl\/index.php?rest_route=\/wp\/v2\/users\/2"}],"replies":[{"embeddable":true,"href":"https:\/\/www.radioamigavallenar.cl\/index.php?rest_route=%2Fwp%2Fv2%2Fcomments&post=19207"}],"version-history":[{"count":0,"href":"https:\/\/www.radioamigavallenar.cl\/index.php?rest_route=\/wp\/v2\/posts\/19207\/revisions"}],"wp:featuredmedia":[{"embeddable":true,"href":"https:\/\/www.radioamigavallenar.cl\/index.php?rest_route=\/wp\/v2\/media\/19208"}],"wp:attachment":[{"href":"https:\/\/www.radioamigavallenar.cl\/index.php?rest_route=%2Fwp%2Fv2%2Fmedia&parent=19207"}],"wp:term":[{"taxonomy":"category","embeddable":true,"href":"https:\/\/www.radioamigavallenar.cl\/index.php?rest_route=%2Fwp%2Fv2%2Fcategories&post=19207"},{"taxonomy":"post_tag","embeddable":true,"href":"https:\/\/www.radioamigavallenar.cl\/index.php?rest_route=%2Fwp%2Fv2%2Ftags&post=19207"}],"curies":[{"name":"wp","href":"https:\/\/api.w.org\/{rel}","templated":true}]}}