{"id":19204,"date":"2019-12-18T12:23:39","date_gmt":"2019-12-18T15:23:39","guid":{"rendered":"https:\/\/www.radioamigavallenar.cl\/?p=19204"},"modified":"2019-12-18T12:23:40","modified_gmt":"2019-12-18T15:23:40","slug":"comision-de-evaluacion-ambiental-de-atacama-resolvera-este-miercoles-eia-del-proyecto-salares-norte","status":"publish","type":"post","link":"https:\/\/www.radioamigavallenar.cl\/?p=19204","title":{"rendered":"Comisi\u00f3n de Evaluaci\u00f3n Ambiental de Atacama resolver\u00e1 este mi\u00e9rcoles EIA del Proyecto Salares Norte"},"content":{"rendered":"\n<figure class=\"wp-block-image size-large\"><img loading=\"lazy\" decoding=\"async\" width=\"635\" height=\"411\" src=\"https:\/\/www.radioamigavallenar.cl\/wp-content\/uploads\/2019\/12\/Proyecto-Salares-Norte-de-Gold-Fields..jpg\" alt=\"\" class=\"wp-image-19205\" srcset=\"https:\/\/www.radioamigavallenar.cl\/wp-content\/uploads\/2019\/12\/Proyecto-Salares-Norte-de-Gold-Fields..jpg 635w, https:\/\/www.radioamigavallenar.cl\/wp-content\/uploads\/2019\/12\/Proyecto-Salares-Norte-de-Gold-Fields.-300x194.jpg 300w\" sizes=\"auto, (max-width: 635px) 100vw, 635px\" \/><\/figure>\n\n\n\n<p>Su altura y entorno geogr\u00e1fico son algunos de los desaf\u00edos que enfrenta la iniciativa, que busca procesar dos millones de toneladas anuales de mineral para la producci\u00f3n de metal dor\u00e9.<\/p>\n\n\n\n<p>Este mi\u00e9rcoles 18 de diciembre, la Comisi\u00f3n de Evaluaci\u00f3n Ambiental de la Regi\u00f3n de Atacama sesionar\u00e1 para resolver el Estudio de Impacto Ambiental (EIA) del Proyecto Salares Norte, propiedad de la minera sudafricana Gold Fields.<\/p>\n\n\n\n<p>Salares Norte se emplaza en la comuna de Diego de Almagro, Regi\u00f3n de Atacama, entre los 3.900 y 4.700 metros sobre el nivel del mar. Se ubica a 180 kil\u00f3metros al noreste de la capital comunal y a 330 kil\u00f3metros de Copiap\u00f3.<\/p>\n\n\n\n<p>Su altura y entorno geogr\u00e1fico son algunos de los desaf\u00edos que enfrenta este proyecto, que busca procesar dos millones de toneladas anuales de mineral para la producci\u00f3n de metal dor\u00e9. Con una inversi\u00f3n estimada en US$1.300 millones, su vida \u00fatil se extender\u00e1 por 17 a\u00f1os.<\/p>\n","protected":false},"excerpt":{"rendered":"<p>Su altura y entorno geogr\u00e1fico son algunos de los desaf\u00edos que enfrenta la iniciativa, que busca procesar dos millones de toneladas anuales de mineral para&hellip; <\/p>\n","protected":false},"author":2,"featured_media":19205,"comment_status":"open","ping_status":"closed","sticky":false,"template":"","format":"standard","meta":{"footnotes":""},"categories":[7,34],"tags":[],"class_list":["post-19204","post","type-post","status-publish","format-standard","has-post-thumbnail","hentry","category-atacama","category-mineria"],"_links":{"self":[{"href":"https:\/\/www.radioamigavallenar.cl\/index.php?rest_route=\/wp\/v2\/posts\/19204","targetHints":{"allow":["GET"]}}],"collection":[{"href":"https:\/\/www.radioamigavallenar.cl\/index.php?rest_route=\/wp\/v2\/posts"}],"about":[{"href":"https:\/\/www.radioamigavallenar.cl\/index.php?rest_route=\/wp\/v2\/types\/post"}],"author":[{"embeddable":true,"href":"https:\/\/www.radioamigavallenar.cl\/index.php?rest_route=\/wp\/v2\/users\/2"}],"replies":[{"embeddable":true,"href":"https:\/\/www.radioamigavallenar.cl\/index.php?rest_route=%2Fwp%2Fv2%2Fcomments&post=19204"}],"version-history":[{"count":0,"href":"https:\/\/www.radioamigavallenar.cl\/index.php?rest_route=\/wp\/v2\/posts\/19204\/revisions"}],"wp:featuredmedia":[{"embeddable":true,"href":"https:\/\/www.radioamigavallenar.cl\/index.php?rest_route=\/wp\/v2\/media\/19205"}],"wp:attachment":[{"href":"https:\/\/www.radioamigavallenar.cl\/index.php?rest_route=%2Fwp%2Fv2%2Fmedia&parent=19204"}],"wp:term":[{"taxonomy":"category","embeddable":true,"href":"https:\/\/www.radioamigavallenar.cl\/index.php?rest_route=%2Fwp%2Fv2%2Fcategories&post=19204"},{"taxonomy":"post_tag","embeddable":true,"href":"https:\/\/www.radioamigavallenar.cl\/index.php?rest_route=%2Fwp%2Fv2%2Ftags&post=19204"}],"curies":[{"name":"wp","href":"https:\/\/api.w.org\/{rel}","templated":true}]}}