{"id":19196,"date":"2019-12-18T00:01:00","date_gmt":"2019-12-18T03:01:00","guid":{"rendered":"https:\/\/www.radioamigavallenar.cl\/?p=19196"},"modified":"2019-12-17T23:14:41","modified_gmt":"2019-12-18T02:14:41","slug":"conaf-autoridades-de-la-provincia-del-huasco-y-bomberos-se-coordinan-para-el-combate-a-los-incendios-forestales","status":"publish","type":"post","link":"https:\/\/www.radioamigavallenar.cl\/?p=19196","title":{"rendered":"Conaf, autoridades de la provincia del Huasco y bomberos se coordinan para el combate a los incendios forestales"},"content":{"rendered":"\n<figure class=\"wp-block-image size-large\"><img loading=\"lazy\" decoding=\"async\" width=\"800\" height=\"600\" src=\"https:\/\/www.radioamigavallenar.cl\/wp-content\/uploads\/2019\/12\/INCENDIO-800x600-1.jpg\" alt=\"\" class=\"wp-image-19197\" srcset=\"https:\/\/www.radioamigavallenar.cl\/wp-content\/uploads\/2019\/12\/INCENDIO-800x600-1.jpg 800w, https:\/\/www.radioamigavallenar.cl\/wp-content\/uploads\/2019\/12\/INCENDIO-800x600-1-300x225.jpg 300w, https:\/\/www.radioamigavallenar.cl\/wp-content\/uploads\/2019\/12\/INCENDIO-800x600-1-768x576.jpg 768w\" sizes=\"auto, (max-width: 800px) 100vw, 800px\" \/><\/figure>\n\n\n\n<p>En la Gobernaci\u00f3n provincial del Huasco se lleva a cabo una reuni\u00f3n de coordinaci\u00f3n para el control de Incendios Forestales en la cual participaron el director regional (s) de Conaf, Boris Burgos, profesionales del departamento de protecci\u00f3n contra incendios forestales de Conaf, representantes de la Onemi, del \u00c1rea de Emergencia de la Gobernaci\u00f3n Provincial del Huasco, Emergencia de la municipalidad de Vallenar, Bomberos de Huasco, Freirina y Vallenar adem\u00e1s del presidente del Consejo de Comandantes de la Regi\u00f3n de Atacama<\/p>\n\n\n\n<p>La idea se present\u00f3 frente a la temporada donde se producen incendios forestales con mayor frecuencia. Para ello es necesario mantener las coordinaciones con los distintos participantes en el combate al fuego adem\u00e1s de determinar procedimientos y recursos.<\/p>\n\n\n\n<p>Uno de los temas tratados en la mesa fue la aplicaci\u00f3n de las alertas, tanto amarilla y roja, esta \u00faltima se establece cuando una emergencia forestal crece en extensi\u00f3n y severidad requiri\u00e9ndose la movilizaci\u00f3n de todos los recursos necesarios y disponibles para la atenci\u00f3n y control del evento destructivo. Una alerta roja, de acuerdo al tipo de evento destructivo, podr\u00e1 establecerse de inmediato, sin que medie previamente una alerta amarilla.<\/p>\n\n\n\n<h3 class=\"wp-block-heading\">Reforzar coordinaciones entre actores<\/h3>\n\n\n\n<p>Al respecto el secretario regional ministerial de Agricultura Patricio Araya dijo que\u00a0<strong>\u201cesta reuni\u00f3n es bastante importante para el Ministerio de Agricultura, porque ac\u00e1 los distintos actores que participan cuando hay un incendio se ponen de acuerdo; tienen pre definido cuales son las acciones que tienen que tomar en el minuto, y cu\u00e1les son los medios con los que cuentan cuando se produce el incendios, en el caso de que la prevenci\u00f3n ha fallado\u201d.<\/strong><\/p>\n\n\n\n<p><strong>\u201cEst\u00e1n lo medios disponibles saber cu\u00e1les son los n\u00fameros telef\u00f3nicos, que turnos les corresponde actuar y si es necesario que participen otras instancia como la Brife, que es el convenio que existe con el ej\u00e9rcito que hay conscriptos preparados y equipados para ayudar en las instancias que son requeridas. El mejor incendio es el que se previenen y eso es responsabilidad de todos\u201d,<\/strong> puntualiz\u00f3 la primera autoridad del agro.<\/p>\n\n\n\n<p>Para el director (s) regional de CONAF Atacama, Boris Burgos, est\u00e1 instancia fortalece a\u00fan m\u00e1s las coordinaciones y apoyo permanente que debe existir entre los diferentes organismos que realizamos tareas de prevenci\u00f3n y control de los incendios forestales.\u00a0<strong>\u201cEste ejercicio de coordinaci\u00f3n permite ampliar la mirada y llegar acuerdos que van en directo beneficio de la comunidad, al proteger la vida de las personas que habitan en las zonas de interfaz urbano-rural\u201d,<\/strong> agreg\u00f3 Burgos.<\/p>\n\n\n\n<p>Addinson Zuleta, coordinador del \u00e1rea de Emergencia de la Gobernaci\u00f3n Provincial del Huasco y en representaci\u00f3n de la Gobernadora\u00a0 Nelly Galeb Bou, destac\u00f3 el trabajo que se lleva a cabo en conjunto con Conaf, con Bomberos y con los servicios de emergencia que operan en la provincia.\u00a0<em>\u00ab<\/em><strong>Es importante reforzar las coordinaciones entre los actores del sistema de protecci\u00f3n civil, en especial en la temporada de incendios forestales porque una respuesta ante un evento debe ser lo m\u00e1s eficiente y eficaz para no tener que lamentar la quema de los bosques y arbustos del medio ambiente. Asimismo agradecer el compromiso de todos los que participaron en esta actividad para ir mejorando cada d\u00eda m\u00e1s en la gesti\u00f3n del riesgo\u00bb<\/strong>, indic\u00f3.<\/p>\n\n\n\n<h3 class=\"wp-block-heading\">Cuerpos de Bomberos del Huasco<\/h3>\n\n\n\n<p>Por su parte los representantes de los cuerpos de Bomberos participantes centraron sus peticiones y problem\u00e1ticas en lo que respecta a los recursos.<\/p>\n\n\n\n<p>Juan Iribarren Espinoza, comandante del Cuerpo de Bomberos de Freirina, se\u00f1al\u00f3 que\u00a0<strong>\u201chemos tenido una serie de conversaciones en temas de c\u00f3mo podemos tratar de atacar de manera m\u00e1s r\u00e1pida los incendios, qu\u00e9 log\u00edstica podemos tener de parte de empresas o particulares, conocer m\u00e1s ampliamente los criterios que tiene Conaf para determinar una alerta amarilla o una roja en Huasco, Freirina o Vallenar\u201d.<\/strong><\/p>\n\n\n\n<p>\u201cEn Freirina hemos tenido bastante incendios de gran magnitud donde hemos tenido que recurrir al apoyo de bomberos de Vallenar y Huasco, los beneficios de ac\u00e1 es poder obtener m\u00e1s recursos de agua como camiones aljibes pata poder atacar un incendio m\u00e1s r\u00e1pidamente y las aguas abiertas tanto de r\u00edos y canales y los propios due\u00f1os de parcelas que tienen sus derechos de agua\u201d, agreg\u00f3.<\/p>\n\n\n\n<p>En tanto Jaime Castillo Veliz, presidente del Consejo de Comandantes de la Regi\u00f3n de Atacama agreg\u00f3 que<em>\u00a0<\/em><strong>\u201cen el tema de recursos lamentablemente para bomberos son limitados al momento de combatir incendios, el desaf\u00edo que queda es poder genera los proyectos necesario para contar con el equipamiento de que cada vez que ocurren estos incendios cada vez son a la suma y no a la resta\u201d.<\/strong><\/p>\n\n\n\n<p>Finalmente William Herrera Cort\u00e9s, comandante Cuerpo de Bomberos de Vallenar afirm\u00f3 que\u00a0<em>\u201c<\/em><strong>hemos querido reunir con los comandantes de la provincia y hacer un trabajo en conjunto con Conaf para poder unificar los recursos humanos y materiales que tenemos para poder hacer un mejor trabajo\u201d.<\/strong><\/p>\n","protected":false},"excerpt":{"rendered":"<p>En la Gobernaci\u00f3n provincial del Huasco se lleva a cabo una reuni\u00f3n de coordinaci\u00f3n para el control de Incendios Forestales en la cual participaron el&hellip; <\/p>\n","protected":false},"author":2,"featured_media":19197,"comment_status":"open","ping_status":"closed","sticky":false,"template":"","format":"standard","meta":{"footnotes":""},"categories":[7,1],"tags":[],"class_list":["post-19196","post","type-post","status-publish","format-standard","has-post-thumbnail","hentry","category-atacama","category-provincia-del-huasco-2"],"_links":{"self":[{"href":"https:\/\/www.radioamigavallenar.cl\/index.php?rest_route=\/wp\/v2\/posts\/19196","targetHints":{"allow":["GET"]}}],"collection":[{"href":"https:\/\/www.radioamigavallenar.cl\/index.php?rest_route=\/wp\/v2\/posts"}],"about":[{"href":"https:\/\/www.radioamigavallenar.cl\/index.php?rest_route=\/wp\/v2\/types\/post"}],"author":[{"embeddable":true,"href":"https:\/\/www.radioamigavallenar.cl\/index.php?rest_route=\/wp\/v2\/users\/2"}],"replies":[{"embeddable":true,"href":"https:\/\/www.radioamigavallenar.cl\/index.php?rest_route=%2Fwp%2Fv2%2Fcomments&post=19196"}],"version-history":[{"count":0,"href":"https:\/\/www.radioamigavallenar.cl\/index.php?rest_route=\/wp\/v2\/posts\/19196\/revisions"}],"wp:featuredmedia":[{"embeddable":true,"href":"https:\/\/www.radioamigavallenar.cl\/index.php?rest_route=\/wp\/v2\/media\/19197"}],"wp:attachment":[{"href":"https:\/\/www.radioamigavallenar.cl\/index.php?rest_route=%2Fwp%2Fv2%2Fmedia&parent=19196"}],"wp:term":[{"taxonomy":"category","embeddable":true,"href":"https:\/\/www.radioamigavallenar.cl\/index.php?rest_route=%2Fwp%2Fv2%2Fcategories&post=19196"},{"taxonomy":"post_tag","embeddable":true,"href":"https:\/\/www.radioamigavallenar.cl\/index.php?rest_route=%2Fwp%2Fv2%2Ftags&post=19196"}],"curies":[{"name":"wp","href":"https:\/\/api.w.org\/{rel}","templated":true}]}}