{"id":19165,"date":"2019-12-17T12:22:19","date_gmt":"2019-12-17T15:22:19","guid":{"rendered":"https:\/\/www.radioamigavallenar.cl\/?p=19165"},"modified":"2019-12-17T12:22:20","modified_gmt":"2019-12-17T15:22:20","slug":"ministro-prokurica-destaca-alza-del-precio-del-cobre-tras-principio-de-acuerdo-de-guerra-comercial","status":"publish","type":"post","link":"https:\/\/www.radioamigavallenar.cl\/?p=19165","title":{"rendered":"Ministro Prokurica destaca alza del precio del cobre tras principio de acuerdo de Guerra Comercial"},"content":{"rendered":"\n<figure class=\"wp-block-image size-large\"><img loading=\"lazy\" decoding=\"async\" width=\"820\" height=\"620\" src=\"https:\/\/www.radioamigavallenar.cl\/wp-content\/uploads\/2019\/09\/file_20190923220719.jpg\" alt=\"\" class=\"wp-image-16682\" srcset=\"https:\/\/www.radioamigavallenar.cl\/wp-content\/uploads\/2019\/09\/file_20190923220719.jpg 820w, https:\/\/www.radioamigavallenar.cl\/wp-content\/uploads\/2019\/09\/file_20190923220719-300x227.jpg 300w, https:\/\/www.radioamigavallenar.cl\/wp-content\/uploads\/2019\/09\/file_20190923220719-768x581.jpg 768w\" sizes=\"auto, (max-width: 820px) 100vw, 820px\" \/><figcaption>Baldo Prokurica, Ministro de miner\u00eda (Foto: Israel Ch\u00e1vez)<\/figcaption><\/figure>\n\n\n\n<p><em>El secretario de Estado resalt\u00f3 tambi\u00e9n el aumento de la inversi\u00f3n en exploraci\u00f3n minera, posicionando a Chile en el cuarto puesto a nivel mundial.<\/em><\/p>\n\n\n\n<p>Como una \u201cmuy buena noticia\u201d calific\u00f3 el ministro de Miner\u00eda, Baldo Prokurica, el desempe\u00f1o del precio del cobre, que este lunes anot\u00f3 su novena alza consecutiva, ubic\u00e1ndose en US$ 2,79 la libra, producto del acuerdo \u201cfase 1\u201d entre Estados Unidos y China, que se ve como el principio del fin de la guerra comercial.<\/p>\n\n\n\n<p>\u201cEl sector minero ha tenido tres buenas noticias. El precio internacional de la libra de cobre ha aumentado considerablemente y alcanz\u00f3 los US$2,79, debido a los atisbos del t\u00e9rmino de la guerra comercial entre China y EE.UU. Esto nos hace tener esperanzas de que, definitivamente, se firme la paz y se terminen con estas medidas que lo \u00fanico que han hecho es mantener el precio del cobre de forma totalmente artificial, con bajos precios\u201d, se\u00f1al\u00f3 Prokurica.<\/p>\n\n\n\n<p>La m\u00e1xima autoridad de la industria tambi\u00e9n destac\u00f3 el informe de la Comisi\u00f3n Chilena del Cobre, Cochilco, que sostiene que ha existido un aumento de la inversi\u00f3n en exploraci\u00f3n minero de 13%, ubicando a Chile en el cuarto puesto, a nivel mundial.<\/p>\n\n\n\n<p>\u201cEsto hace que tengamos buenas expectativas para lo que es la miner\u00eda del futuro, especialmente, teniendo en cuenta que los pron\u00f3sticos del Consejo Minero apuntan a que el sector requerir\u00e1 m\u00e1s de 25 mil nuevos trabajadores calificados en diferentes perfiles durante la pr\u00f3xima d\u00e9cada. Estas cifras son indispensables sobre todo con los nuevos compromisos que ha tomado el Gobierno del Presidente Sebasti\u00e1n Pi\u00f1era en materia de sueldo m\u00ednimo, mejoramiento de pensiones y otros esfuerzos econ\u00f3micos que tenemos que financiar\u201d, explic\u00f3.<\/p>\n\n\n\n<p>El secretario de Estado, finalmente, puntualiz\u00f3 que \u201cla miner\u00eda nunca le falla a Chile, siempre est\u00e1 disponible para poder ayudar y en esta oportunidad aparece con buenas expectativas\u201d.<\/p>\n","protected":false},"excerpt":{"rendered":"<p>El secretario de Estado resalt\u00f3 tambi\u00e9n el aumento de la inversi\u00f3n en exploraci\u00f3n minera, posicionando a Chile en el cuarto puesto a nivel mundial. Como&hellip; <\/p>\n","protected":false},"author":2,"featured_media":16682,"comment_status":"open","ping_status":"closed","sticky":false,"template":"","format":"standard","meta":{"footnotes":""},"categories":[7,34],"tags":[],"class_list":["post-19165","post","type-post","status-publish","format-standard","has-post-thumbnail","hentry","category-atacama","category-mineria"],"_links":{"self":[{"href":"https:\/\/www.radioamigavallenar.cl\/index.php?rest_route=\/wp\/v2\/posts\/19165","targetHints":{"allow":["GET"]}}],"collection":[{"href":"https:\/\/www.radioamigavallenar.cl\/index.php?rest_route=\/wp\/v2\/posts"}],"about":[{"href":"https:\/\/www.radioamigavallenar.cl\/index.php?rest_route=\/wp\/v2\/types\/post"}],"author":[{"embeddable":true,"href":"https:\/\/www.radioamigavallenar.cl\/index.php?rest_route=\/wp\/v2\/users\/2"}],"replies":[{"embeddable":true,"href":"https:\/\/www.radioamigavallenar.cl\/index.php?rest_route=%2Fwp%2Fv2%2Fcomments&post=19165"}],"version-history":[{"count":0,"href":"https:\/\/www.radioamigavallenar.cl\/index.php?rest_route=\/wp\/v2\/posts\/19165\/revisions"}],"wp:featuredmedia":[{"embeddable":true,"href":"https:\/\/www.radioamigavallenar.cl\/index.php?rest_route=\/wp\/v2\/media\/16682"}],"wp:attachment":[{"href":"https:\/\/www.radioamigavallenar.cl\/index.php?rest_route=%2Fwp%2Fv2%2Fmedia&parent=19165"}],"wp:term":[{"taxonomy":"category","embeddable":true,"href":"https:\/\/www.radioamigavallenar.cl\/index.php?rest_route=%2Fwp%2Fv2%2Fcategories&post=19165"},{"taxonomy":"post_tag","embeddable":true,"href":"https:\/\/www.radioamigavallenar.cl\/index.php?rest_route=%2Fwp%2Fv2%2Ftags&post=19165"}],"curies":[{"name":"wp","href":"https:\/\/api.w.org\/{rel}","templated":true}]}}