{"id":18978,"date":"2019-12-10T00:28:51","date_gmt":"2019-12-10T03:28:51","guid":{"rendered":"https:\/\/www.radioamigavallenar.cl\/?p=18978"},"modified":"2019-12-10T00:28:53","modified_gmt":"2019-12-10T03:28:53","slug":"directora-de-escuela-municipal-de-vallenar-es-finalista-de-premio-yosirvoenlaeducacion-del-servicio-civil","status":"publish","type":"post","link":"https:\/\/www.radioamigavallenar.cl\/?p=18978","title":{"rendered":"Directora de escuela municipal de Vallenar es finalista de premio #YoSirvoEnLaEducaci\u00f3n del Servicio Civil"},"content":{"rendered":"\n<div class=\"wp-block-image\"><figure class=\"aligncenter size-large is-resized\"><img loading=\"lazy\" decoding=\"async\" src=\"https:\/\/www.radioamigavallenar.cl\/wp-content\/uploads\/2019\/12\/Expo-MMA-Escuela-1-El-Salvador_1-600x800.jpg\" alt=\"\" class=\"wp-image-18979\" width=\"439\" height=\"586\" srcset=\"https:\/\/www.radioamigavallenar.cl\/wp-content\/uploads\/2019\/12\/Expo-MMA-Escuela-1-El-Salvador_1-600x800.jpg 600w, https:\/\/www.radioamigavallenar.cl\/wp-content\/uploads\/2019\/12\/Expo-MMA-Escuela-1-El-Salvador_1-600x800-225x300.jpg 225w\" sizes=\"auto, (max-width: 439px) 100vw, 439px\" \/><\/figure><\/div>\n\n\n\n<p>Laura Campillay Contreras, directora de la Escuela Rep\u00fablica de los EEUU de Vallenar, fue seleccionada entre los 20 finalistas del premio Yo Sirvo a Mi Pa\u00eds en la Educaci\u00f3n, impulsado por el Servicio Civil.<\/p>\n\n\n\n<p>El Premio busca reconocer el compromiso y la excelencia en la gesti\u00f3n de los directores de establecimientos educacionales municipales seleccionados con asesor\u00eda de la Alta Direcci\u00f3n P\u00fablica y atraer talento hacia cargos de liderazgo en la educaci\u00f3n p\u00fablica.<\/p>\n\n\n\n<p>La directora destac\u00f3 por haber impulsado durante su gesti\u00f3n una educaci\u00f3n con sello inclusivo, basada en las emociones. Para ello, ha modificado la estructura, funcionamiento y propuesta pedag\u00f3gica para dar respuesta a las necesidades de todos los estudiantes de tal manera que todos aprendan juntos, independiente de sus condiciones.<\/p>\n\n\n\n<h3 class=\"has-text-align-center wp-block-heading\">Postulaciones al Premio #YOSIRVOENLAEDUCACI\u00d3N<\/h3>\n\n\n\n<p>En total a nivel nacional se recibieron 107 postulaciones de distintas regiones del pa\u00eds, de las cuales 20 fueron seleccionadas como finalistas por parte del comit\u00e9 t\u00e9cnico a cargo del proceso. Hoy comienza la etapa de valoraci\u00f3n social, que se extender\u00e1 hasta el 16 de diciembre y donde las comunidades educativas pueden votar por alguno de los 20 directores\/as, a trav\u00e9s del sitio&nbsp;<a href=\"http:\/\/www.yosirvoenlaeducacion.cl\/\">www.yosirvoenlaeducacion.cl<\/a>. Luego de esta fase, un jurado experto realizar\u00e1 la selecci\u00f3n del director o directora m\u00e1s destacado del pa\u00eds.<\/p>\n\n\n\n<p>El Director del Servicio Civil, Alejandro Weber, record\u00f3 que, \u201cdespu\u00e9s de los profesores, los directores son el factor m\u00e1s relevante para mejorar la calidad de la educaci\u00f3n. Y es importante que est\u00e9n motivados y sean reconocidos por sus logros. Por eso, como Servicio Civil queremos destacarlos\u201d, puntualiz\u00f3.<\/p>\n\n\n\n<p>Los ganadores recibir\u00e1n un Premio de Innovaci\u00f3n Escolar 360\u00b0, que incluye herramientas de apoyo a la gesti\u00f3n escolar, trabajo colaborativo en la sala de clases, con 40 tablets cargados con recursos educativos asociados al curr\u00edculum, y una plataforma de comunicaci\u00f3n entre apoderados y profesores. Junto con ello se realizar\u00e1 una intervenci\u00f3n a la sala de profesores para promover la innovaci\u00f3n y el trabajo en equipo.<\/p>\n\n\n\n<h3 class=\"wp-block-heading\">Selecci\u00f3n de los Directores con apoyo ADP<\/h3>\n\n\n\n<p>En Chile existen cerca de 5.000 directores\/as de escuelas y liceos p\u00fablicos. De ellos, m\u00e1s de 3.300 deben elegirse con apoyo del Sistema de Alta Direcci\u00f3n P\u00fablica, seg\u00fan lo estableci\u00f3 la Ley N\u00b020.501 de Calidad y Equidad de la Educaci\u00f3n del 2011. Esta normativa instal\u00f3 el m\u00e9rito como elemento central de la selecci\u00f3n de directivos escolares y ha permitido profesionalizar el sistema escolar.<\/p>\n\n\n\n<p>En la actualidad existen 1.753 directores seleccionados por el Sistema de ADP en 294 comunas del pa\u00eds, abarcando un 53% de la matr\u00edcula municipal, es decir, unos 700 mil ni\u00f1os y ni\u00f1as.<\/p>\n","protected":false},"excerpt":{"rendered":"<p>Laura Campillay Contreras, directora de la Escuela Rep\u00fablica de los EEUU de Vallenar, fue seleccionada entre los 20 finalistas del premio Yo Sirvo a Mi&hellip; <\/p>\n","protected":false},"author":2,"featured_media":18979,"comment_status":"open","ping_status":"closed","sticky":false,"template":"","format":"standard","meta":{"footnotes":""},"categories":[7,1],"tags":[],"class_list":["post-18978","post","type-post","status-publish","format-standard","has-post-thumbnail","hentry","category-atacama","category-provincia-del-huasco-2"],"_links":{"self":[{"href":"https:\/\/www.radioamigavallenar.cl\/index.php?rest_route=\/wp\/v2\/posts\/18978","targetHints":{"allow":["GET"]}}],"collection":[{"href":"https:\/\/www.radioamigavallenar.cl\/index.php?rest_route=\/wp\/v2\/posts"}],"about":[{"href":"https:\/\/www.radioamigavallenar.cl\/index.php?rest_route=\/wp\/v2\/types\/post"}],"author":[{"embeddable":true,"href":"https:\/\/www.radioamigavallenar.cl\/index.php?rest_route=\/wp\/v2\/users\/2"}],"replies":[{"embeddable":true,"href":"https:\/\/www.radioamigavallenar.cl\/index.php?rest_route=%2Fwp%2Fv2%2Fcomments&post=18978"}],"version-history":[{"count":0,"href":"https:\/\/www.radioamigavallenar.cl\/index.php?rest_route=\/wp\/v2\/posts\/18978\/revisions"}],"wp:featuredmedia":[{"embeddable":true,"href":"https:\/\/www.radioamigavallenar.cl\/index.php?rest_route=\/wp\/v2\/media\/18979"}],"wp:attachment":[{"href":"https:\/\/www.radioamigavallenar.cl\/index.php?rest_route=%2Fwp%2Fv2%2Fmedia&parent=18978"}],"wp:term":[{"taxonomy":"category","embeddable":true,"href":"https:\/\/www.radioamigavallenar.cl\/index.php?rest_route=%2Fwp%2Fv2%2Fcategories&post=18978"},{"taxonomy":"post_tag","embeddable":true,"href":"https:\/\/www.radioamigavallenar.cl\/index.php?rest_route=%2Fwp%2Fv2%2Ftags&post=18978"}],"curies":[{"name":"wp","href":"https:\/\/api.w.org\/{rel}","templated":true}]}}