{"id":18975,"date":"2019-12-10T00:26:28","date_gmt":"2019-12-10T03:26:28","guid":{"rendered":"https:\/\/www.radioamigavallenar.cl\/?p=18975"},"modified":"2019-12-10T00:26:29","modified_gmt":"2019-12-10T03:26:29","slug":"enami-inicia-primeras-gestiones-para-arriendo-de-pertenencias-de-la-gran-mineria-a-pequenos-productores","status":"publish","type":"post","link":"https:\/\/www.radioamigavallenar.cl\/?p=18975","title":{"rendered":"ENAMI inicia primeras gestiones para arriendo de pertenencias de la gran miner\u00eda a peque\u00f1os productores"},"content":{"rendered":"\n<figure class=\"wp-block-image size-large\"><img loading=\"lazy\" decoding=\"async\" width=\"1024\" height=\"681\" src=\"https:\/\/www.radioamigavallenar.cl\/wp-content\/uploads\/2019\/12\/bd39aa7b-517a-4b73-9e34-e9787bfbfcae-1024x681.jpg\" alt=\"\" class=\"wp-image-18976\" srcset=\"https:\/\/www.radioamigavallenar.cl\/wp-content\/uploads\/2019\/12\/bd39aa7b-517a-4b73-9e34-e9787bfbfcae-1024x681.jpg 1024w, https:\/\/www.radioamigavallenar.cl\/wp-content\/uploads\/2019\/12\/bd39aa7b-517a-4b73-9e34-e9787bfbfcae-1024x681-300x200.jpg 300w, https:\/\/www.radioamigavallenar.cl\/wp-content\/uploads\/2019\/12\/bd39aa7b-517a-4b73-9e34-e9787bfbfcae-1024x681-768x511.jpg 768w\" sizes=\"auto, (max-width: 1024px) 100vw, 1024px\" \/><\/figure>\n\n\n\n<p>ENAMI finaliz\u00f3 la elaboraci\u00f3n del protocolo para acceder al convenio suscrito entre el Ministerio de Miner\u00eda y 13 compa\u00f1\u00edas de la gran miner\u00eda del pa\u00eds, que permitir\u00e1 a productores de menor escala acceder a pertenencias mineras que la industria privada no est\u00e9 explotando. Hasta la fecha existen 15 solicitudes de productores interesados en acceder a pertenencias mineras de compa\u00f1\u00edas de las regiones de Antofagasta y Atacama, entre ellas SQM, TECK y Antofagasta Minerals.<\/p>\n\n\n\n<p>El gerente de Desarrollo e Innovaci\u00f3n de ENAMI, Andr\u00e9s Rovira, comenta que \u201cen conjunto con Fiscal\u00eda de ENAMI nos hemos estado reuniendo con compa\u00f1\u00edas de la gran miner\u00eda que suscribieron este convenio, y ya llevamos 70% de avance en esta agenda\u201d. Asimismo, el ejecutivo detalla que de las solicitudes recibidas, dos ya fueron comunicadas a una de las empresas participantes en el acuerdo.<\/p>\n\n\n\n<p>Tras la definici\u00f3n del protocolo se determinaron tres formas de solicitud, la primera mediante un listado de pertenencias disponibles, la segunda con la solicitud de un productor minero sobre un punto de explotaci\u00f3n espec\u00edfico, -en ambos casos ENAMI act\u00faa como intermediario- y una tercera modalidad, que implica un trato directo entre el productor y la compa\u00f1\u00eda due\u00f1a del sector de inter\u00e9s.<strong>\u00a0<\/strong>Para obtener informaci\u00f3n o acceder al convenio y protocolo, los productores interesados pueden acercarse a cualquier oficina mineras de ENAMI, entre las regiones de Arica y Parinacota y Biob\u00edo.<\/p>\n\n\n\n<p>Con la puesta en marcha del protocolo, la iniciativa impulsada en agosto, marca un nuevo paso para materializarse como una oportunidad real de generar m\u00e1s fomento con impacto de manera innovadora y efectiva, beneficiando la sostenibilidad de la miner\u00eda de menor escala y los encadenamientos productivos que se generan en su entorno.<\/p>\n","protected":false},"excerpt":{"rendered":"<p>ENAMI finaliz\u00f3 la elaboraci\u00f3n del protocolo para acceder al convenio suscrito entre el Ministerio de Miner\u00eda y 13 compa\u00f1\u00edas de la gran miner\u00eda del pa\u00eds,&hellip; <\/p>\n","protected":false},"author":2,"featured_media":18976,"comment_status":"open","ping_status":"closed","sticky":false,"template":"","format":"standard","meta":{"footnotes":""},"categories":[7,34,37],"tags":[],"class_list":["post-18975","post","type-post","status-publish","format-standard","has-post-thumbnail","hentry","category-atacama","category-mineria","category-nacional"],"_links":{"self":[{"href":"https:\/\/www.radioamigavallenar.cl\/index.php?rest_route=\/wp\/v2\/posts\/18975","targetHints":{"allow":["GET"]}}],"collection":[{"href":"https:\/\/www.radioamigavallenar.cl\/index.php?rest_route=\/wp\/v2\/posts"}],"about":[{"href":"https:\/\/www.radioamigavallenar.cl\/index.php?rest_route=\/wp\/v2\/types\/post"}],"author":[{"embeddable":true,"href":"https:\/\/www.radioamigavallenar.cl\/index.php?rest_route=\/wp\/v2\/users\/2"}],"replies":[{"embeddable":true,"href":"https:\/\/www.radioamigavallenar.cl\/index.php?rest_route=%2Fwp%2Fv2%2Fcomments&post=18975"}],"version-history":[{"count":0,"href":"https:\/\/www.radioamigavallenar.cl\/index.php?rest_route=\/wp\/v2\/posts\/18975\/revisions"}],"wp:featuredmedia":[{"embeddable":true,"href":"https:\/\/www.radioamigavallenar.cl\/index.php?rest_route=\/wp\/v2\/media\/18976"}],"wp:attachment":[{"href":"https:\/\/www.radioamigavallenar.cl\/index.php?rest_route=%2Fwp%2Fv2%2Fmedia&parent=18975"}],"wp:term":[{"taxonomy":"category","embeddable":true,"href":"https:\/\/www.radioamigavallenar.cl\/index.php?rest_route=%2Fwp%2Fv2%2Fcategories&post=18975"},{"taxonomy":"post_tag","embeddable":true,"href":"https:\/\/www.radioamigavallenar.cl\/index.php?rest_route=%2Fwp%2Fv2%2Ftags&post=18975"}],"curies":[{"name":"wp","href":"https:\/\/api.w.org\/{rel}","templated":true}]}}