{"id":18972,"date":"2019-12-10T00:24:54","date_gmt":"2019-12-10T03:24:54","guid":{"rendered":"https:\/\/www.radioamigavallenar.cl\/?p=18972"},"modified":"2019-12-10T00:24:55","modified_gmt":"2019-12-10T03:24:55","slug":"servel-informa-sobre-tramite-de-cambio-de-domicilio-electoral","status":"publish","type":"post","link":"https:\/\/www.radioamigavallenar.cl\/?p=18972","title":{"rendered":"Servel informa sobre tramite de cambio de domicilio electoral"},"content":{"rendered":"\n<div class=\"wp-block-image\"><figure class=\"aligncenter size-large is-resized\"><img loading=\"lazy\" decoding=\"async\" src=\"https:\/\/www.radioamigavallenar.cl\/wp-content\/uploads\/2019\/12\/IMG-20191011-WA0007-768x1024.jpg\" alt=\"\" class=\"wp-image-18973\" width=\"470\" height=\"626\" srcset=\"https:\/\/www.radioamigavallenar.cl\/wp-content\/uploads\/2019\/12\/IMG-20191011-WA0007-768x1024.jpg 768w, https:\/\/www.radioamigavallenar.cl\/wp-content\/uploads\/2019\/12\/IMG-20191011-WA0007-768x1024-225x300.jpg 225w\" sizes=\"auto, (max-width: 470px) 100vw, 470px\" \/><\/figure><\/div>\n\n\n\n<p>La Directora Regional del Servicio Electoral Regi\u00f3n Atacama estima oportuno informar e instar a los ciudadanos para que realicen sus tr\u00e1mites electorales en especial cambio de domicilio utilizando&nbsp;&nbsp; los distintos canales de atenci\u00f3n que les proporciona el Servel, sea en forma presencial con atenci\u00f3n hasta las 16:00 horas&nbsp;&nbsp; o privilegiando la plataforma digital de tr\u00e1mites electorales ingresando a nuestra p\u00e1gina web&nbsp;<a href=\"http:\/\/www.servel.cl\/\">www.servel.cl<\/a>, en sucursales de ChileAtiende y en oficinas del Servicio de Registro Civil al momento de renovar c\u00e9dula de identidad o pasaporte (a lo largo de todo el pa\u00eds).<\/p>\n\n\n\n<p>Cabe se\u00f1alar que la actualizaci\u00f3n del domicilio se refleja en la consulta de datos disponible en la p\u00e1gina Web del Servel en un periodo de 20 d\u00edas, considerado el cambio desde la fecha que se efectu\u00f3 la solicitud.<\/p>\n\n\n\n<p>Les ayudamos para que pueden ejercer el derecho a sufragio en las pr\u00f3ximo\u00a0plebiscito del\u00a0mes de abril 2020, el que quedar\u00e1 determinado y supeditado a la\u00a0promulgaci\u00f3n del decreto\u00a0que modifica la Constituci\u00f3n y convoca a plebiscito, en ese momento se cierra el Registro Electoral y podr\u00e1n votar quienes tengan 18 a\u00f1os cumplidos al mismo d\u00eda de la elecci\u00f3n.<\/p>\n","protected":false},"excerpt":{"rendered":"<p>La Directora Regional del Servicio Electoral Regi\u00f3n Atacama estima oportuno informar e instar a los ciudadanos para que realicen sus tr\u00e1mites electorales en especial cambio&hellip; <\/p>\n","protected":false},"author":2,"featured_media":18973,"comment_status":"open","ping_status":"closed","sticky":false,"template":"","format":"standard","meta":{"footnotes":""},"categories":[7],"tags":[],"class_list":["post-18972","post","type-post","status-publish","format-standard","has-post-thumbnail","hentry","category-atacama"],"_links":{"self":[{"href":"https:\/\/www.radioamigavallenar.cl\/index.php?rest_route=\/wp\/v2\/posts\/18972","targetHints":{"allow":["GET"]}}],"collection":[{"href":"https:\/\/www.radioamigavallenar.cl\/index.php?rest_route=\/wp\/v2\/posts"}],"about":[{"href":"https:\/\/www.radioamigavallenar.cl\/index.php?rest_route=\/wp\/v2\/types\/post"}],"author":[{"embeddable":true,"href":"https:\/\/www.radioamigavallenar.cl\/index.php?rest_route=\/wp\/v2\/users\/2"}],"replies":[{"embeddable":true,"href":"https:\/\/www.radioamigavallenar.cl\/index.php?rest_route=%2Fwp%2Fv2%2Fcomments&post=18972"}],"version-history":[{"count":0,"href":"https:\/\/www.radioamigavallenar.cl\/index.php?rest_route=\/wp\/v2\/posts\/18972\/revisions"}],"wp:featuredmedia":[{"embeddable":true,"href":"https:\/\/www.radioamigavallenar.cl\/index.php?rest_route=\/wp\/v2\/media\/18973"}],"wp:attachment":[{"href":"https:\/\/www.radioamigavallenar.cl\/index.php?rest_route=%2Fwp%2Fv2%2Fmedia&parent=18972"}],"wp:term":[{"taxonomy":"category","embeddable":true,"href":"https:\/\/www.radioamigavallenar.cl\/index.php?rest_route=%2Fwp%2Fv2%2Fcategories&post=18972"},{"taxonomy":"post_tag","embeddable":true,"href":"https:\/\/www.radioamigavallenar.cl\/index.php?rest_route=%2Fwp%2Fv2%2Ftags&post=18972"}],"curies":[{"name":"wp","href":"https:\/\/api.w.org\/{rel}","templated":true}]}}