{"id":18845,"date":"2019-12-05T12:21:46","date_gmt":"2019-12-05T15:21:46","guid":{"rendered":"https:\/\/www.radioamigavallenar.cl\/?p=18845"},"modified":"2019-12-05T12:21:46","modified_gmt":"2019-12-05T15:21:46","slug":"concejo-comunal-de-freirina-invita-a-ser-parte-de-la-consulta-ciudadana","status":"publish","type":"post","link":"https:\/\/www.radioamigavallenar.cl\/?p=18845","title":{"rendered":"Concejo Comunal de Freirina invita a ser parte de la Consulta Ciudadana"},"content":{"rendered":"\n<figure class=\"wp-block-image size-large\"><img loading=\"lazy\" decoding=\"async\" width=\"1024\" height=\"683\" src=\"https:\/\/www.radioamigavallenar.cl\/wp-content\/uploads\/2019\/12\/Concejales-invitan-a-Consulta-Ciudadana-1024x683.jpg\" alt=\"\" class=\"wp-image-18846\" srcset=\"https:\/\/www.radioamigavallenar.cl\/wp-content\/uploads\/2019\/12\/Concejales-invitan-a-Consulta-Ciudadana-1024x683.jpg 1024w, https:\/\/www.radioamigavallenar.cl\/wp-content\/uploads\/2019\/12\/Concejales-invitan-a-Consulta-Ciudadana-300x200.jpg 300w, https:\/\/www.radioamigavallenar.cl\/wp-content\/uploads\/2019\/12\/Concejales-invitan-a-Consulta-Ciudadana-768x512.jpg 768w, https:\/\/www.radioamigavallenar.cl\/wp-content\/uploads\/2019\/12\/Concejales-invitan-a-Consulta-Ciudadana-1536x1024.jpg 1536w, https:\/\/www.radioamigavallenar.cl\/wp-content\/uploads\/2019\/12\/Concejales-invitan-a-Consulta-Ciudadana.jpg 1728w\" sizes=\"auto, (max-width: 1024px) 100vw, 1024px\" \/><\/figure>\n\n\n\n<p><strong>El Concejo en pleno hizo un llamado a los freirinenses a no desaprovechar esta oportunidad de manifestarse a trav\u00e9s de este ejercicio democr\u00e1tico. <\/strong><\/p>\n\n\n\n<p>Tras la sesi\u00f3n N\u00b0 108 del Concejo Comunal de Freirina, el Alcalde Cesar Orellana junto al Concejo en pleno, hicieron un llamado a los freirinenses a no desaprovechar la oportunidad de manifestar sus demandas en la Consulta Ciudadana que est\u00e1 fijada para el Pr\u00f3ximo 15 de Diciembre.<\/p>\n\n\n\n<p>Para ello, desde la Municipalidad, aseguraron que se encuentran afinando los detalles que ha de permitir que este proceso democr\u00e1tico sea exitoso en la comuna.<\/p>\n\n\n\n<p>\u00abEn el caso nuestro nos vamos a trasladar a cada uno de los territorios, a cada una de las juntas de vecinos, porque necesitamos que nuestra comunidad se pronuncie respecto de los temas de contingencia\u00bb sostuvo el Alcalde Cesar Orellana.<\/p>\n\n\n\n<p>Cabe destacar que durante los d\u00edas previos a la Consulta Ciudadana convocada por la Asociaci\u00f3n de Municipios de Chile, se ha de desplegar todo un equipo t\u00e9cnico que se encuentra realizando capacitaciones principalmente a quienes asumir\u00e1n el rol de vocales de mesa y digitadores.<\/p>\n\n\n\n<p class=\"has-text-align-center\"><strong>VOLUNTARIOS<\/strong><\/p>\n\n\n\n<p>Otro de los llamados que hicieron las autoridades fue a sumarse de manera participativa a esta Consulta Ciudadana, no es menor el ejercicio, toda vez que ha sido un proceso elevado desde la misma comunidad y en donde gran parte de las preguntas fueron previamente planteadas por los mismos vecinos a trav\u00e9s de los cabildos abiertos.<\/p>\n\n\n\n<p>Sobre el apoyo que debe existir por parte de los vecinos el Alcalde Orellana sostuvo que \u00abPara poder sacar este proceso adelante vamos a necesitar de vocales de mesa y para ello necesitamos voluntarios\u00bb dijo.<\/p>\n","protected":false},"excerpt":{"rendered":"<p>El Concejo en pleno hizo un llamado a los freirinenses a no desaprovechar esta oportunidad de manifestarse a trav\u00e9s de este ejercicio democr\u00e1tico. Tras la&hellip; <\/p>\n","protected":false},"author":2,"featured_media":18846,"comment_status":"open","ping_status":"closed","sticky":false,"template":"","format":"standard","meta":{"footnotes":""},"categories":[3],"tags":[],"class_list":["post-18845","post","type-post","status-publish","format-standard","has-post-thumbnail","hentry","category-freirina"],"_links":{"self":[{"href":"https:\/\/www.radioamigavallenar.cl\/index.php?rest_route=\/wp\/v2\/posts\/18845","targetHints":{"allow":["GET"]}}],"collection":[{"href":"https:\/\/www.radioamigavallenar.cl\/index.php?rest_route=\/wp\/v2\/posts"}],"about":[{"href":"https:\/\/www.radioamigavallenar.cl\/index.php?rest_route=\/wp\/v2\/types\/post"}],"author":[{"embeddable":true,"href":"https:\/\/www.radioamigavallenar.cl\/index.php?rest_route=\/wp\/v2\/users\/2"}],"replies":[{"embeddable":true,"href":"https:\/\/www.radioamigavallenar.cl\/index.php?rest_route=%2Fwp%2Fv2%2Fcomments&post=18845"}],"version-history":[{"count":0,"href":"https:\/\/www.radioamigavallenar.cl\/index.php?rest_route=\/wp\/v2\/posts\/18845\/revisions"}],"wp:featuredmedia":[{"embeddable":true,"href":"https:\/\/www.radioamigavallenar.cl\/index.php?rest_route=\/wp\/v2\/media\/18846"}],"wp:attachment":[{"href":"https:\/\/www.radioamigavallenar.cl\/index.php?rest_route=%2Fwp%2Fv2%2Fmedia&parent=18845"}],"wp:term":[{"taxonomy":"category","embeddable":true,"href":"https:\/\/www.radioamigavallenar.cl\/index.php?rest_route=%2Fwp%2Fv2%2Fcategories&post=18845"},{"taxonomy":"post_tag","embeddable":true,"href":"https:\/\/www.radioamigavallenar.cl\/index.php?rest_route=%2Fwp%2Fv2%2Ftags&post=18845"}],"curies":[{"name":"wp","href":"https:\/\/api.w.org\/{rel}","templated":true}]}}