{"id":18836,"date":"2019-12-05T12:16:06","date_gmt":"2019-12-05T15:16:06","guid":{"rendered":"https:\/\/www.radioamigavallenar.cl\/?p=18836"},"modified":"2019-12-05T12:16:08","modified_gmt":"2019-12-05T15:16:08","slug":"lanzan-libro-en-braille-sobre-el-patrimonio-de-atacama","status":"publish","type":"post","link":"https:\/\/www.radioamigavallenar.cl\/?p=18836","title":{"rendered":"Lanzan libro en Braille sobre el Patrimonio de Atacama"},"content":{"rendered":"\n<figure class=\"wp-block-gallery columns-2 is-cropped wp-block-gallery-1 is-layout-flex wp-block-gallery-is-layout-flex\"><ul class=\"blocks-gallery-grid\"><li class=\"blocks-gallery-item\"><figure><img loading=\"lazy\" decoding=\"async\" width=\"753\" height=\"1024\" src=\"https:\/\/www.radioamigavallenar.cl\/wp-content\/uploads\/2019\/12\/12-753x1024.jpg\" alt=\"\" data-id=\"18837\" data-full-url=\"https:\/\/www.radioamigavallenar.cl\/wp-content\/uploads\/2019\/12\/12.jpg\" data-link=\"https:\/\/www.radioamigavallenar.cl\/?attachment_id=18837\" class=\"wp-image-18837\" srcset=\"https:\/\/www.radioamigavallenar.cl\/wp-content\/uploads\/2019\/12\/12-753x1024.jpg 753w, https:\/\/www.radioamigavallenar.cl\/wp-content\/uploads\/2019\/12\/12-221x300.jpg 221w, https:\/\/www.radioamigavallenar.cl\/wp-content\/uploads\/2019\/12\/12-768x1045.jpg 768w, https:\/\/www.radioamigavallenar.cl\/wp-content\/uploads\/2019\/12\/12.jpg 941w\" sizes=\"auto, (max-width: 753px) 100vw, 753px\" \/><\/figure><\/li><li class=\"blocks-gallery-item\"><figure><img loading=\"lazy\" decoding=\"async\" width=\"885\" height=\"1024\" src=\"https:\/\/www.radioamigavallenar.cl\/wp-content\/uploads\/2019\/12\/22-885x1024.jpg\" alt=\"\" data-id=\"18838\" data-full-url=\"https:\/\/www.radioamigavallenar.cl\/wp-content\/uploads\/2019\/12\/22.jpg\" data-link=\"https:\/\/www.radioamigavallenar.cl\/?attachment_id=18838\" class=\"wp-image-18838\" srcset=\"https:\/\/www.radioamigavallenar.cl\/wp-content\/uploads\/2019\/12\/22-885x1024.jpg 885w, https:\/\/www.radioamigavallenar.cl\/wp-content\/uploads\/2019\/12\/22-259x300.jpg 259w, https:\/\/www.radioamigavallenar.cl\/wp-content\/uploads\/2019\/12\/22-768x888.jpg 768w, https:\/\/www.radioamigavallenar.cl\/wp-content\/uploads\/2019\/12\/22.jpg 938w\" sizes=\"auto, (max-width: 885px) 100vw, 885px\" \/><\/figure><\/li><li class=\"blocks-gallery-item\"><figure><img loading=\"lazy\" decoding=\"async\" width=\"1024\" height=\"683\" src=\"https:\/\/www.radioamigavallenar.cl\/wp-content\/uploads\/2019\/12\/34-1024x683.jpg\" alt=\"\" data-id=\"18839\" data-full-url=\"https:\/\/www.radioamigavallenar.cl\/wp-content\/uploads\/2019\/12\/34-scaled.jpg\" data-link=\"https:\/\/www.radioamigavallenar.cl\/?attachment_id=18839\" class=\"wp-image-18839\" srcset=\"https:\/\/www.radioamigavallenar.cl\/wp-content\/uploads\/2019\/12\/34-1024x683.jpg 1024w, https:\/\/www.radioamigavallenar.cl\/wp-content\/uploads\/2019\/12\/34-300x200.jpg 300w, https:\/\/www.radioamigavallenar.cl\/wp-content\/uploads\/2019\/12\/34-768x512.jpg 768w, https:\/\/www.radioamigavallenar.cl\/wp-content\/uploads\/2019\/12\/34-1536x1024.jpg 1536w, https:\/\/www.radioamigavallenar.cl\/wp-content\/uploads\/2019\/12\/34-2048x1365.jpg 2048w\" sizes=\"auto, (max-width: 1024px) 100vw, 1024px\" \/><\/figure><\/li><li class=\"blocks-gallery-item\"><figure><img loading=\"lazy\" decoding=\"async\" width=\"1024\" height=\"683\" src=\"https:\/\/www.radioamigavallenar.cl\/wp-content\/uploads\/2019\/12\/81-1024x683.jpg\" alt=\"\" data-id=\"18840\" data-full-url=\"https:\/\/www.radioamigavallenar.cl\/wp-content\/uploads\/2019\/12\/81-scaled.jpg\" data-link=\"https:\/\/www.radioamigavallenar.cl\/?attachment_id=18840\" class=\"wp-image-18840\" srcset=\"https:\/\/www.radioamigavallenar.cl\/wp-content\/uploads\/2019\/12\/81-1024x683.jpg 1024w, https:\/\/www.radioamigavallenar.cl\/wp-content\/uploads\/2019\/12\/81-300x200.jpg 300w, https:\/\/www.radioamigavallenar.cl\/wp-content\/uploads\/2019\/12\/81-768x512.jpg 768w, https:\/\/www.radioamigavallenar.cl\/wp-content\/uploads\/2019\/12\/81-1536x1024.jpg 1536w, https:\/\/www.radioamigavallenar.cl\/wp-content\/uploads\/2019\/12\/81-2048x1365.jpg 2048w\" sizes=\"auto, (max-width: 1024px) 100vw, 1024px\" \/><\/figure><\/li><\/ul><\/figure>\n\n\n\n<p> <strong>El \u201cConecta con el Patrimonio: Cuentos y leyendas de Atacama\u201d busca enriquecer y fortalecer la inclusi\u00f3n social de las personas con discapacidad, incluyendo un DVD con material audiovisual en lengua de se\u00f1as.<\/strong><\/p>\n\n\n\n<p>Cultura y Patrimonio para todos. Con eso en mente la arquitecta Ruth Guerrero Paredes se lanz\u00f3 a la aventura de un proyecto que re\u00fane cuentos y leyendas de la regi\u00f3n, las que ser\u00e1n transmitidas a nuevas generaciones en formato Braille y en videos con Lengua de Se\u00f1as. Con estos dos pilares, el proyecto busca ser inspiraci\u00f3n para que nuevos actores se sumen a esta tarea de inclusi\u00f3n. <\/p>\n\n\n\n<p>\u201cQueremos que sea un aporte hacia el reconocimiento de la Identidad Cultural, cuya transmisi\u00f3n nos insta a conocer nuestro entorno, as\u00ed como estrechar v\u00ednculos entre la educaci\u00f3n y los estudiantes\u201d, se\u00f1ala la profesional, qui\u00e9n por a\u00f1os estuvo vinculada al trabajo patrimonial en una instituci\u00f3n p\u00fablica de la regi\u00f3n.\u00a0<\/p>\n\n\n\n<p>Este proyecto -apadrinado por la Asociaci\u00f3n de micro, peque\u00f1os y medianos empresarios de Vallenar ASPYMEVALL, financiado por el Servicio Nacional de la Discapacidad SENADIS de Atacama y ejecutado por la Gestora Patrimonial Ruth Guerrero Paredes en el marco del Fondo Nacional de Discapacidad 2018- es, en palabras de su creadora, \u201cuna herramienta que acortar\u00e1 la brecha de distintas limitantes sensoriales, apoyando el desarrollo cognitivo de los estudiantes y como estrategia de aprendizaje que esperamos sea utilizado en los distintos establecimientos educacionales de Atacama\u201d.<\/p>\n\n\n\n<p>La intenci\u00f3n de esta iniciativa es poner a disposici\u00f3n un material cultural accesible, que se adapte a todos y todas, permitiendo que la comprensi\u00f3n de cada relato de este libro y DVD entregue conceptos, lugares, personajes y momentos propios de nuestro territorio a cualquier a que le interese viajar por la lectura, otorgando acceso igualitario para valorar el patrimonio y preconocer el entorno inmediato.<\/p>\n\n\n\n<p>En este sentido, una de las escritoras que forma parte de este compilado de relatos regionales, Patricia Rivera Figueroa, comenta que \u201cesta es un significativo aporte a la literatura atacame\u00f1a, por su contenido seleccionador de leyendas. Los diez relatos incluidos nos llevan a lugares del territorio de la Regi\u00f3n de Atacama y en voz de sus autores que dan vida a la mitolog\u00eda identitaria\u201d.\u00a0<\/p>\n\n\n\n<p>El trabajo de este libro se realiz\u00f3 de manera conjunta de 4 establecimientos educacionales: Escuela Rep\u00fablica de los Estados Unidos; Escuela El Olivillo, de Fundaci\u00f3n COANIL; Escuela rural Ignacio Franco Gallo, de Vallenar; y la Escuela El Olivar, de Huasco Bajo. Teniendo como base la participaci\u00f3n individual y colectiva de estudiantes se comparti\u00f3 un espacio inclusivo de aprendizaje construido para enriquecer las distintas necesidades especiales presentes en el aula y tambi\u00e9n crear conciencia sobre las distintos m\u00e9todos de aprendizaje.Pablo Ogalde Meneses, presidente de ASPYMEVALL, agrega que \u201cagradecemos la oportunidad de participar y apoyar esta tremenda iniciativa. <\/p>\n\n\n\n<p>Felicito a su gestora por este trabajo que va en beneficio de la comunidad con discapacidad visual y auditiva\u201d.Este material cultural accesible contempla la entrega gratuita de 300 libros y 300 DVD con 10 cuentos y leyendas de distintas comunas de la regi\u00f3n a bibliotecas, establecimientos educacionales y agrupaciones con personas en situaci\u00f3n de discapacidad, dando respuesta a una proyecci\u00f3n regional a modo de fomentar y crear nuevos espacios de lectura. <\/p>\n","protected":false},"excerpt":{"rendered":"<p>El \u201cConecta con el Patrimonio: Cuentos y leyendas de Atacama\u201d busca enriquecer y fortalecer la inclusi\u00f3n social de las personas con discapacidad, incluyendo un DVD&hellip; <\/p>\n","protected":false},"author":2,"featured_media":18838,"comment_status":"open","ping_status":"closed","sticky":false,"template":"","format":"standard","meta":{"footnotes":""},"categories":[7,9,1,2],"tags":[],"class_list":["post-18836","post","type-post","status-publish","format-standard","has-post-thumbnail","hentry","category-atacama","category-cultura","category-provincia-del-huasco-2","category-vallenar"],"_links":{"self":[{"href":"https:\/\/www.radioamigavallenar.cl\/index.php?rest_route=\/wp\/v2\/posts\/18836","targetHints":{"allow":["GET"]}}],"collection":[{"href":"https:\/\/www.radioamigavallenar.cl\/index.php?rest_route=\/wp\/v2\/posts"}],"about":[{"href":"https:\/\/www.radioamigavallenar.cl\/index.php?rest_route=\/wp\/v2\/types\/post"}],"author":[{"embeddable":true,"href":"https:\/\/www.radioamigavallenar.cl\/index.php?rest_route=\/wp\/v2\/users\/2"}],"replies":[{"embeddable":true,"href":"https:\/\/www.radioamigavallenar.cl\/index.php?rest_route=%2Fwp%2Fv2%2Fcomments&post=18836"}],"version-history":[{"count":0,"href":"https:\/\/www.radioamigavallenar.cl\/index.php?rest_route=\/wp\/v2\/posts\/18836\/revisions"}],"wp:featuredmedia":[{"embeddable":true,"href":"https:\/\/www.radioamigavallenar.cl\/index.php?rest_route=\/wp\/v2\/media\/18838"}],"wp:attachment":[{"href":"https:\/\/www.radioamigavallenar.cl\/index.php?rest_route=%2Fwp%2Fv2%2Fmedia&parent=18836"}],"wp:term":[{"taxonomy":"category","embeddable":true,"href":"https:\/\/www.radioamigavallenar.cl\/index.php?rest_route=%2Fwp%2Fv2%2Fcategories&post=18836"},{"taxonomy":"post_tag","embeddable":true,"href":"https:\/\/www.radioamigavallenar.cl\/index.php?rest_route=%2Fwp%2Fv2%2Ftags&post=18836"}],"curies":[{"name":"wp","href":"https:\/\/api.w.org\/{rel}","templated":true}]}}