{"id":18797,"date":"2019-12-04T00:01:00","date_gmt":"2019-12-04T03:01:00","guid":{"rendered":"https:\/\/www.radioamigavallenar.cl\/?p=18797"},"modified":"2019-12-03T22:35:50","modified_gmt":"2019-12-04T01:35:50","slug":"no-se-realizara-fiesta-religiosa-de-andacollo","status":"publish","type":"post","link":"https:\/\/www.radioamigavallenar.cl\/?p=18797","title":{"rendered":"No se realizar\u00e1 Fiesta religiosa de Andacollo"},"content":{"rendered":"\n<figure class=\"wp-block-image size-large\"><img loading=\"lazy\" decoding=\"async\" width=\"1024\" height=\"769\" src=\"https:\/\/www.radioamigavallenar.cl\/wp-content\/uploads\/2019\/12\/IMG-20191203-WA0044-1536x1153-1024x769.jpg\" alt=\"\" class=\"wp-image-18798\" srcset=\"https:\/\/www.radioamigavallenar.cl\/wp-content\/uploads\/2019\/12\/IMG-20191203-WA0044-1536x1153-1024x769.jpg 1024w, https:\/\/www.radioamigavallenar.cl\/wp-content\/uploads\/2019\/12\/IMG-20191203-WA0044-1536x1153-300x225.jpg 300w, https:\/\/www.radioamigavallenar.cl\/wp-content\/uploads\/2019\/12\/IMG-20191203-WA0044-1536x1153-768x577.jpg 768w, https:\/\/www.radioamigavallenar.cl\/wp-content\/uploads\/2019\/12\/IMG-20191203-WA0044-1536x1153.jpg 1536w\" sizes=\"auto, (max-width: 1024px) 100vw, 1024px\" \/><\/figure>\n\n\n\n<p>Luego de que el Comit\u00e9 Operativo de Emergencia (COE) sesionara por casi dos horas en el Sal\u00f3n Padre Hurtado, \u00e9ste decidi\u00f3 por voto un\u00e1nime de sus integrantes no realizar la tradicional celebraci\u00f3n de diciembre en honor a la Virgen del Rosario<\/p>\n\n\n\n<p>Uno de los temas que tuvo en constante preocupaci\u00f3n a la comuna de Andacollo los \u00faltimos d\u00edas fue la realizaci\u00f3n de la Fiesta Religiosa en Honor a la Virgen del Rosario o m\u00e1s conocida como Fiesta Grande.<\/p>\n\n\n\n<p>El Comit\u00e9 Operativo de Emergencia, COE, sesion\u00f3 este martes 3 de diciembre (ya se hab\u00edan reunido el 20 de noviembre) y debatieron nuevamente sobre este gran evento religioso que convoca a cientos de miles de peregrinos y visitantes. La seguridad de los fieles y de los andacollinos fue uno los principales temas que caus\u00f3 preocupaci\u00f3n de las autoridades. Finalmente llegaron a la decisi\u00f3n de no efectuar de manera oficial esta tradicional celebraci\u00f3n.<\/p>\n\n\n\n<p>\u201cLa decisi\u00f3n que se ha tomado no ha sido f\u00e1cil, pero de forma un\u00e1nime tomamos la decisi\u00f3n no realizar este a\u00f1o la fiesta. Espero que todos los devotos y fieles de la Virgen de Andacollo entiendan la situaci\u00f3n y la decisi\u00f3n\u201d, indic\u00f3 el Rector del Santuario de Andacollo, Padre Adam Bartyzol<\/p>\n\n\n\n<p>La Fiesta de Andacollo que se efect\u00faa tradicionalmente entre el 23 y 27 de diciembre, re\u00fane entre 100 y 200 mil personas. Por eso era fundamental velar por la seguridad de los andacollinos, visitantes y del patrimonio hist\u00f3rico, como lo son, principalmente de los monumentos nacionales.<\/p>\n\n\n\n<p>\u201cDe forma un\u00e1nime todos los integrantes del COE y despu\u00e9s de haber escuchado los argumentos de todos los involucrados, Gobernaci\u00f3n, Carabineros, Bomberos, C\u00e1mara de Comercio, bailes religiosos, entre otros, prim\u00f3 la seguridad, tanto de las personas como del patrimonio local. Por eso todos los que componemos el COE por unanimidad decidimos suspender de forma oficial la fiesta\u201d, se\u00f1al\u00f3 el Alcalde Juan Carlos Alfaro.<\/p>\n\n\n\n<p>El movimiento social que se vive actualmente en Chile y las constantes manifestaciones y destrucciones que se han visto en las ciudades del pa\u00eds hac\u00edan muy dif\u00edcil la decisi\u00f3n que concentrar a 100 mil personas en el centro de la comuna, ya que no hab\u00eda certeza que se contara con misma dotaci\u00f3n policial de una fiesta normal, debido a la contingencia que vive el pa\u00eds.<\/p>\n\n\n\n<p>\u201cFue una decisi\u00f3n de todos los que participamos en esta mesa de trabajo, una decisi\u00f3n responsable donde se tom\u00f3 en consideraci\u00f3n lo que se est\u00e1 viviendo a nivel pa\u00eds\u201d, indic\u00f3 el Teniente de Carabineros de Chile Gian Franco Dall\u00b4orso.<\/p>\n\n\n\n<p>Si bien de forma oficial no hay fiesta religiosa, por lo tanto, todos los eventos masivos como procesiones se suspenden, si se realizar\u00e1 un programa de misas, pero la Bas\u00edlica Menor se encontrar\u00e1 cerrada. La suspensi\u00f3n tambi\u00e9n significa que no habr\u00e1 venta del comercio de la fiesta.<\/p>\n","protected":false},"excerpt":{"rendered":"<p>Luego de que el Comit\u00e9 Operativo de Emergencia (COE) sesionara por casi dos horas en el Sal\u00f3n Padre Hurtado, \u00e9ste decidi\u00f3 por voto un\u00e1nime de&hellip; <\/p>\n","protected":false},"author":2,"featured_media":18798,"comment_status":"open","ping_status":"closed","sticky":false,"template":"","format":"standard","meta":{"footnotes":""},"categories":[7,37],"tags":[],"class_list":["post-18797","post","type-post","status-publish","format-standard","has-post-thumbnail","hentry","category-atacama","category-nacional"],"_links":{"self":[{"href":"https:\/\/www.radioamigavallenar.cl\/index.php?rest_route=\/wp\/v2\/posts\/18797","targetHints":{"allow":["GET"]}}],"collection":[{"href":"https:\/\/www.radioamigavallenar.cl\/index.php?rest_route=\/wp\/v2\/posts"}],"about":[{"href":"https:\/\/www.radioamigavallenar.cl\/index.php?rest_route=\/wp\/v2\/types\/post"}],"author":[{"embeddable":true,"href":"https:\/\/www.radioamigavallenar.cl\/index.php?rest_route=\/wp\/v2\/users\/2"}],"replies":[{"embeddable":true,"href":"https:\/\/www.radioamigavallenar.cl\/index.php?rest_route=%2Fwp%2Fv2%2Fcomments&post=18797"}],"version-history":[{"count":0,"href":"https:\/\/www.radioamigavallenar.cl\/index.php?rest_route=\/wp\/v2\/posts\/18797\/revisions"}],"wp:featuredmedia":[{"embeddable":true,"href":"https:\/\/www.radioamigavallenar.cl\/index.php?rest_route=\/wp\/v2\/media\/18798"}],"wp:attachment":[{"href":"https:\/\/www.radioamigavallenar.cl\/index.php?rest_route=%2Fwp%2Fv2%2Fmedia&parent=18797"}],"wp:term":[{"taxonomy":"category","embeddable":true,"href":"https:\/\/www.radioamigavallenar.cl\/index.php?rest_route=%2Fwp%2Fv2%2Fcategories&post=18797"},{"taxonomy":"post_tag","embeddable":true,"href":"https:\/\/www.radioamigavallenar.cl\/index.php?rest_route=%2Fwp%2Fv2%2Ftags&post=18797"}],"curies":[{"name":"wp","href":"https:\/\/api.w.org\/{rel}","templated":true}]}}