{"id":18684,"date":"2019-11-30T00:00:00","date_gmt":"2019-11-30T03:00:00","guid":{"rendered":"https:\/\/www.radioamigavallenar.cl\/?p=18684"},"modified":"2019-11-29T22:10:17","modified_gmt":"2019-11-30T01:10:17","slug":"se-complican-las-negociaciones-sobre-las-reglas-del-proceso-constituyente","status":"publish","type":"post","link":"https:\/\/www.radioamigavallenar.cl\/?p=18684","title":{"rendered":"Se complican las negociaciones sobre las reglas del proceso constituyente"},"content":{"rendered":"\n<figure class=\"wp-block-image size-large\"><img loading=\"lazy\" decoding=\"async\" width=\"1024\" height=\"576\" src=\"https:\/\/www.radioamigavallenar.cl\/wp-content\/uploads\/2019\/11\/foto_0000000120191129144520-1024x576.jpg\" alt=\"\" class=\"wp-image-18685\" srcset=\"https:\/\/www.radioamigavallenar.cl\/wp-content\/uploads\/2019\/11\/foto_0000000120191129144520-1024x576.jpg 1024w, https:\/\/www.radioamigavallenar.cl\/wp-content\/uploads\/2019\/11\/foto_0000000120191129144520-300x169.jpg 300w, https:\/\/www.radioamigavallenar.cl\/wp-content\/uploads\/2019\/11\/foto_0000000120191129144520-768x432.jpg 768w, https:\/\/www.radioamigavallenar.cl\/wp-content\/uploads\/2019\/11\/foto_0000000120191129144520.jpg 1130w\" sizes=\"auto, (max-width: 1024px) 100vw, 1024px\" \/><\/figure>\n\n\n\n<p>\u00abTodos los partidos del oficialismo est\u00e1n por las tesis de Allamand\u00bb, afirm\u00f3 el representante del PS en la comisi\u00f3n t\u00e9cnica.<\/p>\n\n\n\n<p>Siguen adelante, no exentas de complicaciones, las negociaciones de los partidos pol\u00edticos en miras a la puesta en marcha del proceso constituyente.<\/p>\n\n\n\n<p>La comisi\u00f3n t\u00e9cnica est\u00e1 trabajando en el borrador del proyecto que autoriza el anunciado plebiscito de abril pr\u00f3ximo y en la definici\u00f3n de las reglas de la futura Convenci\u00f3n Constitucional.<\/p>\n\n\n\n<p>Uno de los principales nudos en las \u00faltimas horas es que el<strong>\u00a0<\/strong>oficialismo plantea la tesis de la aprobaci\u00f3n de dos tercios para el texto final de la nueva Carta Magna.<\/p>\n\n\n\n<p>El<strong>\u00a0<\/strong>abogado Gabriel Osorio, representante del PS en la instancia, acus\u00f3 un intento del oficialismo de establecer una\u00a0\u00abdoctrina Allamand\u00bb\u00a0respecto a los resultados definitivos.<\/p>\n\n\n\n<p>\u00abExiste una controversia particular respecto a c\u00f3mo se va a realizar la votaci\u00f3n de las normas dentro de la Convenci\u00f3n. Se han discutido ya las propuestas tanto de los partidos de la oposici\u00f3n como del oficialismo, y existe divergencia respecto a la votaci\u00f3n de las normas constitucionales\u00bb, explic\u00f3 Osorio.<\/p>\n\n\n\n<p>\u00abAlgunos estiman que debiera existir una votaci\u00f3n global por los 2\/3, que era la doctrina se\u00f1alada por el senador Andr\u00e9s Allamand, que nuevamente est\u00e1 apareciendo en esta mesa t\u00e9cnica\u2026\u00a0Todos los partidos del oficialismo est\u00e1n por las tesis de Allamand, as\u00ed se nos plante\u00f3 y se nos entreg\u00f3 la documentaci\u00f3n respectiva. Todos\u00ab, enfatiz\u00f3.<\/p>\n","protected":false},"excerpt":{"rendered":"<p>\u00abTodos los partidos del oficialismo est\u00e1n por las tesis de Allamand\u00bb, afirm\u00f3 el representante del PS en la comisi\u00f3n t\u00e9cnica. Siguen adelante, no exentas de&hellip; <\/p>\n","protected":false},"author":2,"featured_media":18685,"comment_status":"open","ping_status":"closed","sticky":false,"template":"","format":"standard","meta":{"footnotes":""},"categories":[7,37],"tags":[],"class_list":["post-18684","post","type-post","status-publish","format-standard","has-post-thumbnail","hentry","category-atacama","category-nacional"],"_links":{"self":[{"href":"https:\/\/www.radioamigavallenar.cl\/index.php?rest_route=\/wp\/v2\/posts\/18684","targetHints":{"allow":["GET"]}}],"collection":[{"href":"https:\/\/www.radioamigavallenar.cl\/index.php?rest_route=\/wp\/v2\/posts"}],"about":[{"href":"https:\/\/www.radioamigavallenar.cl\/index.php?rest_route=\/wp\/v2\/types\/post"}],"author":[{"embeddable":true,"href":"https:\/\/www.radioamigavallenar.cl\/index.php?rest_route=\/wp\/v2\/users\/2"}],"replies":[{"embeddable":true,"href":"https:\/\/www.radioamigavallenar.cl\/index.php?rest_route=%2Fwp%2Fv2%2Fcomments&post=18684"}],"version-history":[{"count":0,"href":"https:\/\/www.radioamigavallenar.cl\/index.php?rest_route=\/wp\/v2\/posts\/18684\/revisions"}],"wp:featuredmedia":[{"embeddable":true,"href":"https:\/\/www.radioamigavallenar.cl\/index.php?rest_route=\/wp\/v2\/media\/18685"}],"wp:attachment":[{"href":"https:\/\/www.radioamigavallenar.cl\/index.php?rest_route=%2Fwp%2Fv2%2Fmedia&parent=18684"}],"wp:term":[{"taxonomy":"category","embeddable":true,"href":"https:\/\/www.radioamigavallenar.cl\/index.php?rest_route=%2Fwp%2Fv2%2Fcategories&post=18684"},{"taxonomy":"post_tag","embeddable":true,"href":"https:\/\/www.radioamigavallenar.cl\/index.php?rest_route=%2Fwp%2Fv2%2Ftags&post=18684"}],"curies":[{"name":"wp","href":"https:\/\/api.w.org\/{rel}","templated":true}]}}