{"id":18681,"date":"2019-11-30T00:00:00","date_gmt":"2019-11-30T03:00:00","guid":{"rendered":"https:\/\/www.radioamigavallenar.cl\/?p=18681"},"modified":"2019-11-29T22:08:33","modified_gmt":"2019-11-30T01:08:33","slug":"mineduc-clases-no-realizadas-desde-el-estallido-social-no-deberan-recuperarse","status":"publish","type":"post","link":"https:\/\/www.radioamigavallenar.cl\/?p=18681","title":{"rendered":"Mineduc: Clases no realizadas desde el estallido social no deber\u00e1n recuperarse"},"content":{"rendered":"\n<figure class=\"wp-block-image size-large\"><img loading=\"lazy\" decoding=\"async\" width=\"700\" height=\"455\" src=\"https:\/\/www.radioamigavallenar.cl\/wp-content\/uploads\/2019\/11\/escuelas.jpg\" alt=\"\" class=\"wp-image-18682\" srcset=\"https:\/\/www.radioamigavallenar.cl\/wp-content\/uploads\/2019\/11\/escuelas.jpg 700w, https:\/\/www.radioamigavallenar.cl\/wp-content\/uploads\/2019\/11\/escuelas-300x195.jpg 300w\" sizes=\"auto, (max-width: 700px) 100vw, 700px\" \/><\/figure>\n\n\n\n<p>La cartera ratific\u00f3 el cierre del a\u00f1o escolar durante las fechas previstas, \u00aben la medida que los objetivos pedag\u00f3gicos se hayan cumplido\u00bb. Distinta suerte correr\u00e1n quienes perdieron jornadas debido al extenso paro del Colegio de Profesores.<\/p>\n\n\n\n<p>El\u00a0Ministerio de Educaci\u00f3n\u00a0envi\u00f3 un oficio a los secretarios regionales ministeriales de la cartera, con el objetivo de aclarar las inquietudes respecto a la p\u00e9rdida de clases y las alteraciones en el a\u00f1o escolar producto de la crisis social que atraviesa el pa\u00eds.<\/p>\n\n\n\n<p>De acuerdo a las orientaciones entregadas por la secretar\u00eda de Estado dirigida por Marcela Cubillos, se ratifica que el cierre del a\u00f1o escolar es el\u00a0<strong>6 <\/strong>de diciembre, para los colegios con jornada escolar completa; y el 20 de diciembre, para aqu\u00e9llos que no tienen ese horario.\u00a0En ese marco, el documento dado a conocer por\u00a0<em>Emol<\/em>\u00a0destaca que \u00ablas clases no realizadas desde el 21 de octubre hasta la fecha no deber\u00e1n recuperarse, en la medida que los objetivos pedag\u00f3gicos se hayan cumplido\u00bb.<\/p>\n\n\n\n<p>No obstante, el texto apunta que\u00a0\u00ablos aprendizajes deber\u00e1n ser reforzados al inicio del pr\u00f3ximo a\u00f1o escolar\u00bb. En conversaci\u00f3n con el citado medio, el subsecretario de Educaci\u00f3n, Ra\u00fal Figueroa, explic\u00f3 que \u00abcomo hay dificultades en diversos territorios del pa\u00eds y algunos colegios se vieron en la necesidad de suspender sus clases, en la medida en que los contenidos pedag\u00f3gicos est\u00e9n cubiertos, esas clases no debe ser recuperadas, lo que se ver\u00e1 localmente en cada seremi\u00bb.<\/p>\n\n\n\n<p>En cuanto a cifras, el subsecretario Figueroa manifest\u00f3 que hasta ahora son cerca del 8% los establecimientos que no han tenido clases, pero que m\u00e1s del 90% s\u00ed ha estado en clases durante noviembre\u00a0\u00abcon la flexibilidad que el ministerio entreg\u00f3 para que pudiesen operar\u00bb.<\/p>\n\n\n\n<p>En paralelo, el personero de Gobierno se refiri\u00f3 tambi\u00e9n a las jornadas que se perdieron este a\u00f1o debido al extenso paro del Colegio de Profesores. En ese sentido, se dar\u00e1 a los sostenedores la opci\u00f3n de que puedan cumplir esa programaci\u00f3n durante los meses de diciembre y enero; o bien, al inicio del a\u00f1o escolar 2020.\u00a0En este \u00faltimo caso, los colegios deber\u00e1n iniciar el a\u00f1o escolar anticipadamente, en el mes de febrero.<\/p>\n","protected":false},"excerpt":{"rendered":"<p>La cartera ratific\u00f3 el cierre del a\u00f1o escolar durante las fechas previstas, \u00aben la medida que los objetivos pedag\u00f3gicos se hayan cumplido\u00bb. Distinta suerte correr\u00e1n&hellip; <\/p>\n","protected":false},"author":2,"featured_media":18682,"comment_status":"open","ping_status":"closed","sticky":false,"template":"","format":"standard","meta":{"footnotes":""},"categories":[7,37],"tags":[],"class_list":["post-18681","post","type-post","status-publish","format-standard","has-post-thumbnail","hentry","category-atacama","category-nacional"],"_links":{"self":[{"href":"https:\/\/www.radioamigavallenar.cl\/index.php?rest_route=\/wp\/v2\/posts\/18681","targetHints":{"allow":["GET"]}}],"collection":[{"href":"https:\/\/www.radioamigavallenar.cl\/index.php?rest_route=\/wp\/v2\/posts"}],"about":[{"href":"https:\/\/www.radioamigavallenar.cl\/index.php?rest_route=\/wp\/v2\/types\/post"}],"author":[{"embeddable":true,"href":"https:\/\/www.radioamigavallenar.cl\/index.php?rest_route=\/wp\/v2\/users\/2"}],"replies":[{"embeddable":true,"href":"https:\/\/www.radioamigavallenar.cl\/index.php?rest_route=%2Fwp%2Fv2%2Fcomments&post=18681"}],"version-history":[{"count":0,"href":"https:\/\/www.radioamigavallenar.cl\/index.php?rest_route=\/wp\/v2\/posts\/18681\/revisions"}],"wp:featuredmedia":[{"embeddable":true,"href":"https:\/\/www.radioamigavallenar.cl\/index.php?rest_route=\/wp\/v2\/media\/18682"}],"wp:attachment":[{"href":"https:\/\/www.radioamigavallenar.cl\/index.php?rest_route=%2Fwp%2Fv2%2Fmedia&parent=18681"}],"wp:term":[{"taxonomy":"category","embeddable":true,"href":"https:\/\/www.radioamigavallenar.cl\/index.php?rest_route=%2Fwp%2Fv2%2Fcategories&post=18681"},{"taxonomy":"post_tag","embeddable":true,"href":"https:\/\/www.radioamigavallenar.cl\/index.php?rest_route=%2Fwp%2Fv2%2Ftags&post=18681"}],"curies":[{"name":"wp","href":"https:\/\/api.w.org\/{rel}","templated":true}]}}