{"id":18678,"date":"2019-11-30T00:00:00","date_gmt":"2019-11-30T03:00:00","guid":{"rendered":"https:\/\/www.radioamigavallenar.cl\/?p=18678"},"modified":"2019-11-29T22:06:56","modified_gmt":"2019-11-30T01:06:56","slug":"senador-prohens-celebra-aprobacion-de-glosa-que-defiende-el-pisco-chileno-en-mercados-extranjeros","status":"publish","type":"post","link":"https:\/\/www.radioamigavallenar.cl\/?p=18678","title":{"rendered":"Senador Prohens celebra aprobaci\u00f3n de glosa que defiende el pisco chileno en mercados extranjeros"},"content":{"rendered":"\n<figure class=\"wp-block-image size-large\"><img loading=\"lazy\" decoding=\"async\" width=\"888\" height=\"591\" src=\"https:\/\/www.radioamigavallenar.cl\/wp-content\/uploads\/2019\/11\/E73E9A16-21EC-4709-AE36-E3BBF6302C06.jpeg\" alt=\"\" class=\"wp-image-18679\" srcset=\"https:\/\/www.radioamigavallenar.cl\/wp-content\/uploads\/2019\/11\/E73E9A16-21EC-4709-AE36-E3BBF6302C06.jpeg 888w, https:\/\/www.radioamigavallenar.cl\/wp-content\/uploads\/2019\/11\/E73E9A16-21EC-4709-AE36-E3BBF6302C06-300x200.jpeg 300w, https:\/\/www.radioamigavallenar.cl\/wp-content\/uploads\/2019\/11\/E73E9A16-21EC-4709-AE36-E3BBF6302C06-768x511.jpeg 768w\" sizes=\"auto, (max-width: 888px) 100vw, 888px\" \/><\/figure>\n\n\n\n<p>\u201cComo una excelente noticia para los productores de pisco de Chile\u201d catalog\u00f3 el parlamentario por Atacama, Rafael Prohens, la aprobaci\u00f3n de la glosa presupuestaria del FNDR, que permitir\u00eda disponer recursos para la defensa, publicidad y pago de patentes del pisco chileno, que se encuentran en disputa contra el Estado peruano frente a los mercados internacionales.<\/p>\n\n\n\n<p>La inquietud se plante\u00f3 a mediados de octubre luego de que los senadores Prohens, Pizarro y Provoste sostuvieran una reuni\u00f3n con el Gerente de la Asociaci\u00f3n de Productores de Pisco de Chile, Claudio Escobar, quien le solicit\u00f3 a los senadores de la tercera y cuarta regi\u00f3n, la necesidad de la intervenci\u00f3n del Estado para resguardar en el mercado internacional la defensa de este producto con Denominaci\u00f3n de Origen. En la conversaci\u00f3n, el l\u00edder del gremio explic\u00f3 que \u201cson a\u00f1os de intento de bloqueo por parte del gobierno del Per\u00fa, a trav\u00e9s de sus distintas embajadas en el mundo, para detener el derecho del producto chileno de llamarse Pisco y as\u00ed poder comercializarlo bajo su denominaci\u00f3n de origen en los diversos mercados\u201d.&nbsp; En la misma l\u00ednea, agreg\u00f3 que \u201cel gran problema es que Per\u00fa estableci\u00f3 toda una estrategia jur\u00eddica para avanzar en el registro de la denominaci\u00f3n de origen del producto en los distintos mercados del mundo, logrando bloquear el ingreso del pisco chileno, mientras que el Estado chileno us\u00f3 como estrategia el Tratado de Libre Comercio (TLC) al momento en que comenzaron a generarse problemas en los mercados con los TLC en Centroam\u00e9rica\u201d.<\/p>\n\n\n\n<p>\u201cAcordamos hacer una glosa y ante eso nos pusimos a trabajar\u201d se\u00f1al\u00f3 Prohens y agreg\u00f3 que, en su caso, convers\u00f3 con el Gobierno Regional para ver la posibilidad de que a partir de una glosa presupuestaria y con financiamiento del gobierno local se pudiese respaldar la defensa, el pago de patentes y la promoci\u00f3n para el producto que ofrecen los pisqueros de Atacama. Luego de eso, el senador por Atacama explic\u00f3 que esa iniciativa fue respaldada por el Ejecutivo y por el ministro de Hacienda de ese entonces, Felipe Larra\u00edn, quien decidi\u00f3 incorporarlo.<\/p>\n\n\n\n<p>Esta idea se materializ\u00f3 en la discusi\u00f3n y votaci\u00f3n del Presupuesto 2020, donde la C\u00e1mara de Diputados y el Senado le dio luz verde a esta gesti\u00f3n que \u201ccontribuir\u00e1 a estabilizar y colaborar con este producto tan simb\u00f3lico que representa a Chile en el extranjero\u201d, enfatiz\u00f3 Prohens.<\/p>\n","protected":false},"excerpt":{"rendered":"<p>\u201cComo una excelente noticia para los productores de pisco de Chile\u201d catalog\u00f3 el parlamentario por Atacama, Rafael Prohens, la aprobaci\u00f3n de la glosa presupuestaria del&hellip; <\/p>\n","protected":false},"author":2,"featured_media":18679,"comment_status":"open","ping_status":"closed","sticky":false,"template":"","format":"standard","meta":{"footnotes":""},"categories":[7,37,1],"tags":[],"class_list":["post-18678","post","type-post","status-publish","format-standard","has-post-thumbnail","hentry","category-atacama","category-nacional","category-provincia-del-huasco-2"],"_links":{"self":[{"href":"https:\/\/www.radioamigavallenar.cl\/index.php?rest_route=\/wp\/v2\/posts\/18678","targetHints":{"allow":["GET"]}}],"collection":[{"href":"https:\/\/www.radioamigavallenar.cl\/index.php?rest_route=\/wp\/v2\/posts"}],"about":[{"href":"https:\/\/www.radioamigavallenar.cl\/index.php?rest_route=\/wp\/v2\/types\/post"}],"author":[{"embeddable":true,"href":"https:\/\/www.radioamigavallenar.cl\/index.php?rest_route=\/wp\/v2\/users\/2"}],"replies":[{"embeddable":true,"href":"https:\/\/www.radioamigavallenar.cl\/index.php?rest_route=%2Fwp%2Fv2%2Fcomments&post=18678"}],"version-history":[{"count":0,"href":"https:\/\/www.radioamigavallenar.cl\/index.php?rest_route=\/wp\/v2\/posts\/18678\/revisions"}],"wp:featuredmedia":[{"embeddable":true,"href":"https:\/\/www.radioamigavallenar.cl\/index.php?rest_route=\/wp\/v2\/media\/18679"}],"wp:attachment":[{"href":"https:\/\/www.radioamigavallenar.cl\/index.php?rest_route=%2Fwp%2Fv2%2Fmedia&parent=18678"}],"wp:term":[{"taxonomy":"category","embeddable":true,"href":"https:\/\/www.radioamigavallenar.cl\/index.php?rest_route=%2Fwp%2Fv2%2Fcategories&post=18678"},{"taxonomy":"post_tag","embeddable":true,"href":"https:\/\/www.radioamigavallenar.cl\/index.php?rest_route=%2Fwp%2Fv2%2Ftags&post=18678"}],"curies":[{"name":"wp","href":"https:\/\/api.w.org\/{rel}","templated":true}]}}