{"id":18646,"date":"2019-11-29T00:19:53","date_gmt":"2019-11-29T03:19:53","guid":{"rendered":"https:\/\/www.radioamigavallenar.cl\/?p=18646"},"modified":"2019-11-29T00:19:54","modified_gmt":"2019-11-29T03:19:54","slug":"ley-corta-que-adelanta-el-pago-a-30-dias-queda-lista-para-su-promulgacion","status":"publish","type":"post","link":"https:\/\/www.radioamigavallenar.cl\/?p=18646","title":{"rendered":"Ley corta que adelanta el Pago a 30 d\u00edas queda lista para su promulgaci\u00f3n"},"content":{"rendered":"\n<figure class=\"wp-block-image size-large\"><img loading=\"lazy\" decoding=\"async\" width=\"605\" height=\"360\" src=\"https:\/\/www.radioamigavallenar.cl\/wp-content\/uploads\/2019\/11\/factura-ley-30-dias-calc-2019.jpg\" alt=\"\" class=\"wp-image-18647\" srcset=\"https:\/\/www.radioamigavallenar.cl\/wp-content\/uploads\/2019\/11\/factura-ley-30-dias-calc-2019.jpg 605w, https:\/\/www.radioamigavallenar.cl\/wp-content\/uploads\/2019\/11\/factura-ley-30-dias-calc-2019-300x179.jpg 300w\" sizes=\"auto, (max-width: 605px) 100vw, 605px\" \/><\/figure>\n\n\n\n<p><strong>El plazo de pago comenzar\u00e1 a regir una vez transcurridos 90 d\u00edas desde su publicaci\u00f3n en el Diario Oficial, y no en febrero de 2021 como estaba contemplaba la ley aprobada originalmente.<\/strong><\/p>\n\n\n\n<p>\u00abEsta es una muy buena noticia porque es una apuesta transversal que est\u00e1n haciendo todos los sectores pol\u00edticos por las pymes\u00bb, coment\u00f3 el Ministro de Econom\u00eda, Fomento y Turismo, Lucas Palacios.<\/p>\n\n\n\n<p>Por unanimidad, el Senado despach\u00f3 a Ley el proyecto que anticipa la entrada en vigencia del Pago a 30 d\u00edas, iniciativa que forma parte del programa de medidas impulsado por el Gobierno para apoyar a las micro, peque\u00f1as y medianas empresas afectadas por saqueos, incendios o desmanes producidos en las \u00faltimas semanas en el pa\u00eds.<\/p>\n\n\n\n<p>\u201cLa entrada en vigencia de esta nueva ley es un tremendo logro y reconocimiento por parte del Gobierno&nbsp; a las Pymes de nuestro pa\u00eds. Con la implementaci\u00f3n de esta normativa, la gradualidad se elimina estableciendo un plazo menor de s\u00f3lo 3 meses para que las m\u00e1s de 14.500 Pymes de Atacama se vean beneficiadas, recibiendo sus pagos en un m\u00e1ximo de 30 d\u00edas\u201d declar\u00f3 el Seremi de Econom\u00eda, Fomento y Turismo de Atacama, Manuel Nanjar\u00ed Contreras.<\/p>\n\n\n\n<p>Recordemos que esta iniciativa forma parte de una serie de medidas que se impulsan para Levantar las Pymes, entre estas, capitalizaci\u00f3n extraordinaria del Banco estado para cr\u00e9ditos o reprogramaciones, Catastro Pyme, subsidios Corfo, Sercotec, campa\u00f1a elige Pyme y otras medidas.<\/p>\n","protected":false},"excerpt":{"rendered":"<p>El plazo de pago comenzar\u00e1 a regir una vez transcurridos 90 d\u00edas desde su publicaci\u00f3n en el Diario Oficial, y no en febrero de 2021&hellip; <\/p>\n","protected":false},"author":2,"featured_media":18647,"comment_status":"open","ping_status":"closed","sticky":false,"template":"","format":"standard","meta":{"footnotes":""},"categories":[7,37],"tags":[],"class_list":["post-18646","post","type-post","status-publish","format-standard","has-post-thumbnail","hentry","category-atacama","category-nacional"],"_links":{"self":[{"href":"https:\/\/www.radioamigavallenar.cl\/index.php?rest_route=\/wp\/v2\/posts\/18646","targetHints":{"allow":["GET"]}}],"collection":[{"href":"https:\/\/www.radioamigavallenar.cl\/index.php?rest_route=\/wp\/v2\/posts"}],"about":[{"href":"https:\/\/www.radioamigavallenar.cl\/index.php?rest_route=\/wp\/v2\/types\/post"}],"author":[{"embeddable":true,"href":"https:\/\/www.radioamigavallenar.cl\/index.php?rest_route=\/wp\/v2\/users\/2"}],"replies":[{"embeddable":true,"href":"https:\/\/www.radioamigavallenar.cl\/index.php?rest_route=%2Fwp%2Fv2%2Fcomments&post=18646"}],"version-history":[{"count":0,"href":"https:\/\/www.radioamigavallenar.cl\/index.php?rest_route=\/wp\/v2\/posts\/18646\/revisions"}],"wp:featuredmedia":[{"embeddable":true,"href":"https:\/\/www.radioamigavallenar.cl\/index.php?rest_route=\/wp\/v2\/media\/18647"}],"wp:attachment":[{"href":"https:\/\/www.radioamigavallenar.cl\/index.php?rest_route=%2Fwp%2Fv2%2Fmedia&parent=18646"}],"wp:term":[{"taxonomy":"category","embeddable":true,"href":"https:\/\/www.radioamigavallenar.cl\/index.php?rest_route=%2Fwp%2Fv2%2Fcategories&post=18646"},{"taxonomy":"post_tag","embeddable":true,"href":"https:\/\/www.radioamigavallenar.cl\/index.php?rest_route=%2Fwp%2Fv2%2Ftags&post=18646"}],"curies":[{"name":"wp","href":"https:\/\/api.w.org\/{rel}","templated":true}]}}