{"id":18608,"date":"2019-11-28T00:00:00","date_gmt":"2019-11-28T03:00:00","guid":{"rendered":"https:\/\/www.radioamigavallenar.cl\/?p=18608"},"modified":"2019-11-27T21:58:18","modified_gmt":"2019-11-28T00:58:18","slug":"sernatur-invita-a-taller-gratuito-de-marketing-digital-para-el-sector-turistico","status":"publish","type":"post","link":"https:\/\/www.radioamigavallenar.cl\/?p=18608","title":{"rendered":"Sernatur invita a taller gratuito de marketing digital para el sector tur\u00edstico"},"content":{"rendered":"\n<figure class=\"wp-block-image size-large\"><img loading=\"lazy\" decoding=\"async\" width=\"1024\" height=\"540\" src=\"https:\/\/www.radioamigavallenar.cl\/wp-content\/uploads\/2019\/11\/turismo-Atacama-1024x540.jpg\" alt=\"\" class=\"wp-image-18609\" srcset=\"https:\/\/www.radioamigavallenar.cl\/wp-content\/uploads\/2019\/11\/turismo-Atacama-1024x540.jpg 1024w, https:\/\/www.radioamigavallenar.cl\/wp-content\/uploads\/2019\/11\/turismo-Atacama-300x158.jpg 300w, https:\/\/www.radioamigavallenar.cl\/wp-content\/uploads\/2019\/11\/turismo-Atacama-768x405.jpg 768w, https:\/\/www.radioamigavallenar.cl\/wp-content\/uploads\/2019\/11\/turismo-Atacama.jpg 1440w\" sizes=\"auto, (max-width: 1024px) 100vw, 1024px\" \/><\/figure>\n\n\n\n<p>La jornada contar\u00e1 con expositores nacionales de destacada trayectoria.<\/p>\n\n\n\n<p>De acuerdo a un estudio, el 82% de los turistas busca inspiraci\u00f3n en internet para programar sus viajes, mientras que el 73% utiliza internet para reservar su viaje y el 23% de estas se hacen en dispositivos m\u00f3viles.<\/p>\n\n\n\n<p>Sin embargo, un diagn\u00f3stico realizado por el Ministerio de Econom\u00eda, Fomento y Turismo en 2018 determin\u00f3 que en Chile existe una brecha relevante en la digitalizaci\u00f3n de la oferta tur\u00edstica, que est\u00e1 compuesta en un alto porcentaje por Pymes, detectando que s\u00f3lo el 20% de ella se encuentra actualmente digitalizada.<\/p>\n\n\n\n<p>Es por esto que, para disminuir esta brecha y en atenci\u00f3n a la relevancia de la digitalizaci\u00f3n para Chile como destino tur\u00edstico en desarrollo, la Subsecretar\u00eda de Turismo incorpor\u00f3 en su estrategia nacional un pilar de innovaci\u00f3n y tecnolog\u00eda, que permite avanzar en esta materia.<\/p>\n\n\n\n<p>\u201cEn la actualidad los viajes empiezan y terminan en nuestros tel\u00e9fonos m\u00f3viles. Un gran porcentaje de los viajeros buscan inspiraci\u00f3n y referencias, reserva, paga y sube fotos de sus mejores momentos en las redes sociales. Pero tenemos una brecha importante en digitalizaci\u00f3n de nuestra oferta tur\u00edstica y si queremos ser un destino competitivo debemos superarla\u201d, destac\u00f3 el director regional de Sernatur Atacama, Alejandro Mart\u00edn.<\/p>\n\n\n\n<p>La iniciativa est\u00e1 dirigida a empresarios y emprendedores tur\u00edsticos de toda la regi\u00f3n, donde se busca entregarles herramientas para mejorar la competitividad de sus negocios y potenciar as\u00ed la industria tur\u00edstica local.<\/p>\n\n\n\n<p>El taller tendr\u00e1 una primera parte donde el Gerente de Marketing y Comunicaciones del canal MEGA, Marcelo Bravo, expondr\u00e1 sobre c\u00f3mo el turismo debe generar un relato potente alrededor de su producto y la experiencia del cliente, haciendo \u00e9nfasis en el impacto de los canales digitales en el comportamiento del turista.<\/p>\n\n\n\n<p>Y luego e Jefe de Canales Digitales de Sernatur, Cristian Sasso, presentar\u00e1 diferentes herramientas de marketing digital, tales como p\u00e1ginas web, redes sociales (Facebook, Instagram, YouTube, TripAdvisor, entre otras), publicidad online (Google Ads, Facebook Ads), que los servicios tur\u00edsticos podr\u00edan utilizar hoy en d\u00eda para comunicarse de forma directa con sus clientes potenciales, para generar relaciones comerciales rentables.<\/p>\n\n\n\n<p>El taller desayuno es gratuito y se llevar\u00e1 a cabo el s\u00e1bado 30 de noviembre, desde las 10:00 hasta las 13:00 horas, en Hotel Antay, s\u00f3lo requiere inscribirse en: www.subturismo.gob.cl\/capacitacion<\/p>\n\n\n\n<p class=\"has-text-align-center\"><strong>Expositores<\/strong><\/p>\n\n\n\n<p>Marcelo Bravo Canepa: gerente de Marketing y Comunicaciones del canal MEGA. Ingeniero Comercial de la Universidad de Chile y M\u00e1ster en Comportamiento del Consumidor de la Universidad Adolfo Ib\u00e1\u00f1ez, con experiencia en estrategias de marketing, comunicaciones y reputaci\u00f3n para empresas de consumo masivo, retail y medios de comunicaci\u00f3n.<\/p>\n\n\n\n<p>Ganador en dos ocasiones del Gran Effie a la efectividad publicitaria: Machos C13, El Nuevo Unimarc. Fue ganador del premio a la trayectoria Best Marketing 2011 al mejor Gerente de Marketing de Chile en su primera versi\u00f3n.<\/p>\n\n\n\n<p>Cristian Sasso: jefe de Canales Digitales de Sernatur. Magister en Marketing de la Universidad de Chile, Ingeniero Comercial con especializaci\u00f3n en Marketing de la Universidad Nacional Andr\u00e9s Bello, con Diploma en Customer Intelligence de la Universidad de Chile.<\/p>\n","protected":false},"excerpt":{"rendered":"<p>La jornada contar\u00e1 con expositores nacionales de destacada trayectoria. De acuerdo a un estudio, el 82% de los turistas busca inspiraci\u00f3n en internet para programar&hellip; <\/p>\n","protected":false},"author":2,"featured_media":18609,"comment_status":"open","ping_status":"closed","sticky":false,"template":"","format":"standard","meta":{"footnotes":""},"categories":[7],"tags":[],"class_list":["post-18608","post","type-post","status-publish","format-standard","has-post-thumbnail","hentry","category-atacama"],"_links":{"self":[{"href":"https:\/\/www.radioamigavallenar.cl\/index.php?rest_route=\/wp\/v2\/posts\/18608","targetHints":{"allow":["GET"]}}],"collection":[{"href":"https:\/\/www.radioamigavallenar.cl\/index.php?rest_route=\/wp\/v2\/posts"}],"about":[{"href":"https:\/\/www.radioamigavallenar.cl\/index.php?rest_route=\/wp\/v2\/types\/post"}],"author":[{"embeddable":true,"href":"https:\/\/www.radioamigavallenar.cl\/index.php?rest_route=\/wp\/v2\/users\/2"}],"replies":[{"embeddable":true,"href":"https:\/\/www.radioamigavallenar.cl\/index.php?rest_route=%2Fwp%2Fv2%2Fcomments&post=18608"}],"version-history":[{"count":0,"href":"https:\/\/www.radioamigavallenar.cl\/index.php?rest_route=\/wp\/v2\/posts\/18608\/revisions"}],"wp:featuredmedia":[{"embeddable":true,"href":"https:\/\/www.radioamigavallenar.cl\/index.php?rest_route=\/wp\/v2\/media\/18609"}],"wp:attachment":[{"href":"https:\/\/www.radioamigavallenar.cl\/index.php?rest_route=%2Fwp%2Fv2%2Fmedia&parent=18608"}],"wp:term":[{"taxonomy":"category","embeddable":true,"href":"https:\/\/www.radioamigavallenar.cl\/index.php?rest_route=%2Fwp%2Fv2%2Fcategories&post=18608"},{"taxonomy":"post_tag","embeddable":true,"href":"https:\/\/www.radioamigavallenar.cl\/index.php?rest_route=%2Fwp%2Fv2%2Ftags&post=18608"}],"curies":[{"name":"wp","href":"https:\/\/api.w.org\/{rel}","templated":true}]}}