{"id":18556,"date":"2019-11-26T12:13:00","date_gmt":"2019-11-26T15:13:00","guid":{"rendered":"https:\/\/www.radioamigavallenar.cl\/?p=18556"},"modified":"2019-11-26T12:13:01","modified_gmt":"2019-11-26T15:13:01","slug":"intendente-urquieta-destaca-acuerdo-por-la-paz-la-democracia-tiene-la-obligacion-de-defenderse-de-la-violencia","status":"publish","type":"post","link":"https:\/\/www.radioamigavallenar.cl\/?p=18556","title":{"rendered":"Intendente Urquieta destaca acuerdo por la paz: \u201cLa democracia tiene la obligaci\u00f3n de defenderse de la violencia\u201d"},"content":{"rendered":"\n<figure class=\"wp-block-image size-large\"><img loading=\"lazy\" decoding=\"async\" width=\"800\" height=\"533\" src=\"https:\/\/www.radioamigavallenar.cl\/wp-content\/uploads\/2019\/11\/Acuerdo-por-la-paz1-800x533.jpg\" alt=\"\" class=\"wp-image-18557\" srcset=\"https:\/\/www.radioamigavallenar.cl\/wp-content\/uploads\/2019\/11\/Acuerdo-por-la-paz1-800x533.jpg 800w, https:\/\/www.radioamigavallenar.cl\/wp-content\/uploads\/2019\/11\/Acuerdo-por-la-paz1-800x533-300x200.jpg 300w, https:\/\/www.radioamigavallenar.cl\/wp-content\/uploads\/2019\/11\/Acuerdo-por-la-paz1-800x533-768x512.jpg 768w\" sizes=\"auto, (max-width: 800px) 100vw, 800px\" \/><\/figure>\n\n\n\n<p>Ayer lunes, tras la reuni\u00f3n de seguridad, el Intendente de Atacama, Patricio Urquieta, se refiri\u00f3 al acuerdo por la paz, la democracia y contra la violencia anunciado por el Presidente y que incluye un proyecto de ley que permitir\u00e1 a las Fuerzas Armadas colaborar en la protecci\u00f3n de infraestructura cr\u00edtica, como servicios p\u00fablicos, sin necesidad de decretar Estados de Emergencia Constitucional, lo que liberar\u00e1 un significativo n\u00famero de Carabineros para que resguarden el orden p\u00fablico.<\/p>\n\n\n\n<p>El Intendente Urquieta dijo que \u201ccomo Gobierno queremos reiterar nuestro apoyo tanto a Carabineros, como a la Polic\u00eda de Investigaciones, que han desarrollado una dif\u00edcil y abnegada labor, no solamente con motivo de sus responsabilidades tradicionales respecto de la seguridad p\u00fablica, sino particularmente respecto del orden p\u00fablico para que las familias tengan m\u00e1s tranquilidad. El Presidente Pi\u00f1era hizo un anuncio muy importante, que se suma al trabajo que se ha venido haciendo respecto a la reincorporaci\u00f3n del personal recientemente retirado y el anticipo del egreso de las nuevas generaciones de las Escuelas de Oficiales y Suboficiales de Carabineros y de la Polic\u00eda de Investigaciones, en los pr\u00f3ximos 60 d\u00edas aumentar\u00e1 en 4.354 el n\u00famero polic\u00edas protegiendo la paz y la seguridad de nuestros ciudadanos, y tambi\u00e9n va haber asesor\u00eda profesional de parte de las Polic\u00edas de Espa\u00f1a, Francia e Inglaterra, todo a fin de revisar los protocolos, las estrategias y las t\u00e1cticas en el control de orden p\u00fablico \u201c.<\/p>\n\n\n\n<p>Asimismo, la primera autoridad regional adem\u00e1s destac\u00f3 que \u201cla democracia tiene la obligaci\u00f3n de defenderse de la violencia, con las herramientas que le brinda el Estado de Derecho. Hoy, frente a los hechos por todos conocidos, los dem\u00f3cratas debemos unir nuestras fuerzas para consolidar la paz y combatir la violencia. Los Carabineros y la Polic\u00eda de Investigaciones tienen \u2013 por mandato constitucional \u2013 la funci\u00f3n principal de resguardar el orden p\u00fablico y la seguridad ciudadana.&nbsp; Para cumplirla, tienen derecho a usar la fuerza, y requieren el pleno respaldo de las autoridades y de la ciudadan\u00eda.&nbsp; Su debilitamiento s\u00f3lo favorece a la delincuencia. La paz, el orden p\u00fablico y la seguridad de los ciudadanos, son elementos claves para que Chile progrese y para que las familias mejoren su calidad de vida y logren mayores niveles de felicidad\u201d.<\/p>\n","protected":false},"excerpt":{"rendered":"<p>Ayer lunes, tras la reuni\u00f3n de seguridad, el Intendente de Atacama, Patricio Urquieta, se refiri\u00f3 al acuerdo por la paz, la democracia y contra la&hellip; <\/p>\n","protected":false},"author":2,"featured_media":18557,"comment_status":"open","ping_status":"closed","sticky":false,"template":"","format":"standard","meta":{"footnotes":""},"categories":[7],"tags":[],"class_list":["post-18556","post","type-post","status-publish","format-standard","has-post-thumbnail","hentry","category-atacama"],"_links":{"self":[{"href":"https:\/\/www.radioamigavallenar.cl\/index.php?rest_route=\/wp\/v2\/posts\/18556","targetHints":{"allow":["GET"]}}],"collection":[{"href":"https:\/\/www.radioamigavallenar.cl\/index.php?rest_route=\/wp\/v2\/posts"}],"about":[{"href":"https:\/\/www.radioamigavallenar.cl\/index.php?rest_route=\/wp\/v2\/types\/post"}],"author":[{"embeddable":true,"href":"https:\/\/www.radioamigavallenar.cl\/index.php?rest_route=\/wp\/v2\/users\/2"}],"replies":[{"embeddable":true,"href":"https:\/\/www.radioamigavallenar.cl\/index.php?rest_route=%2Fwp%2Fv2%2Fcomments&post=18556"}],"version-history":[{"count":0,"href":"https:\/\/www.radioamigavallenar.cl\/index.php?rest_route=\/wp\/v2\/posts\/18556\/revisions"}],"wp:featuredmedia":[{"embeddable":true,"href":"https:\/\/www.radioamigavallenar.cl\/index.php?rest_route=\/wp\/v2\/media\/18557"}],"wp:attachment":[{"href":"https:\/\/www.radioamigavallenar.cl\/index.php?rest_route=%2Fwp%2Fv2%2Fmedia&parent=18556"}],"wp:term":[{"taxonomy":"category","embeddable":true,"href":"https:\/\/www.radioamigavallenar.cl\/index.php?rest_route=%2Fwp%2Fv2%2Fcategories&post=18556"},{"taxonomy":"post_tag","embeddable":true,"href":"https:\/\/www.radioamigavallenar.cl\/index.php?rest_route=%2Fwp%2Fv2%2Ftags&post=18556"}],"curies":[{"name":"wp","href":"https:\/\/api.w.org\/{rel}","templated":true}]}}