{"id":18540,"date":"2019-11-26T00:00:00","date_gmt":"2019-11-26T03:00:00","guid":{"rendered":"https:\/\/www.radioamigavallenar.cl\/?p=18540"},"modified":"2019-11-25T22:10:53","modified_gmt":"2019-11-26T01:10:53","slug":"subsecretario-de-hacienda-sostiene-reunion-de-trabajo-con-gremios-del-transporte-de-carga-y-pasajeros","status":"publish","type":"post","link":"https:\/\/www.radioamigavallenar.cl\/?p=18540","title":{"rendered":"Subsecretario de Hacienda sostiene reuni\u00f3n de trabajo con gremios del transporte de carga y pasajeros"},"content":{"rendered":"\n<figure class=\"wp-block-image size-large\"><img loading=\"lazy\" decoding=\"async\" width=\"1024\" height=\"768\" src=\"https:\/\/www.radioamigavallenar.cl\/wp-content\/uploads\/2019\/11\/FOTO-REUNI\u00d3N-2-1024x768.jpeg\" alt=\"\" class=\"wp-image-18541\" srcset=\"https:\/\/www.radioamigavallenar.cl\/wp-content\/uploads\/2019\/11\/FOTO-REUNI\u00d3N-2-1024x768.jpeg 1024w, https:\/\/www.radioamigavallenar.cl\/wp-content\/uploads\/2019\/11\/FOTO-REUNI\u00d3N-2-300x225.jpeg 300w, https:\/\/www.radioamigavallenar.cl\/wp-content\/uploads\/2019\/11\/FOTO-REUNI\u00d3N-2-768x576.jpeg 768w, https:\/\/www.radioamigavallenar.cl\/wp-content\/uploads\/2019\/11\/FOTO-REUNI\u00d3N-2.jpeg 1280w\" sizes=\"auto, (max-width: 1024px) 100vw, 1024px\" \/><\/figure>\n\n\n\n<p>El ministro del Interior y Seguridad P\u00fablica, Gonzalo Blumel, junto con la ministra de Transportes y Telecomunicaciones, Gloria Hutt, lideraron una reuni\u00f3n de trabajo con los representantes de los gremios de transporte de carga y pasajeros, a la que asisti\u00f3 el subsecretario de Hacienda Francisco Moreno junto con el subsecretario de Interior Rodrigo Ubilla.<\/p>\n\n\n\n<p>En el encuentro, los dirigentes tambi\u00e9n tuvieron la oportunidad de conversar con el Presidente de la Rep\u00fablica, Sebasti\u00e1n Pi\u00f1era, y plantear sus inquietudes respecto a temas de seguridad y otras demandas hist\u00f3ricas del sector.<\/p>\n\n\n\n<p>\u201cAgradecemos el compromiso de los gremios que estuvieron en la reuni\u00f3n con el desarrollo productivo y econ\u00f3mico del pa\u00eds y la disposici\u00f3n a sostener un di\u00e1logo permanente con el Gobierno. Tuvimos la oportunidad de analizar los beneficios que traer\u00e1 el proyecto de modernizaci\u00f3n tributaria para las peque\u00f1as y medianas empresas del pa\u00eds, quienes pagar\u00e1n menos impuestos&nbsp; y acceder\u00e1n a un r\u00e9gimen especial en la medida que tengan ventas por menos de 75 mil UF al a\u00f1o, adem\u00e1s de otras medidas en las cuales estamos trabajando\u201d, sostuvo el Subsecretario Moreno.<\/p>\n\n\n\n<p>Participaron del encuentro la Confederaci\u00f3n Nacional del Transporte de Carga de Chile (CNTC); ChileTransporte; la Confederaci\u00f3n Nacional de Taxistas de Chile (Confenatach); la Confederaci\u00f3n Nacional Transporte Mayor y Menor (Confenataxi) y la Asociaci\u00f3n de Buses Interprovinciales, Internacionales e Industriales (ABI), entre otras organizaciones.<\/p>\n","protected":false},"excerpt":{"rendered":"<p>El ministro del Interior y Seguridad P\u00fablica, Gonzalo Blumel, junto con la ministra de Transportes y Telecomunicaciones, Gloria Hutt, lideraron una reuni\u00f3n de trabajo con&hellip; <\/p>\n","protected":false},"author":2,"featured_media":18541,"comment_status":"open","ping_status":"closed","sticky":false,"template":"","format":"standard","meta":{"footnotes":""},"categories":[7,37],"tags":[],"class_list":["post-18540","post","type-post","status-publish","format-standard","has-post-thumbnail","hentry","category-atacama","category-nacional"],"_links":{"self":[{"href":"https:\/\/www.radioamigavallenar.cl\/index.php?rest_route=\/wp\/v2\/posts\/18540","targetHints":{"allow":["GET"]}}],"collection":[{"href":"https:\/\/www.radioamigavallenar.cl\/index.php?rest_route=\/wp\/v2\/posts"}],"about":[{"href":"https:\/\/www.radioamigavallenar.cl\/index.php?rest_route=\/wp\/v2\/types\/post"}],"author":[{"embeddable":true,"href":"https:\/\/www.radioamigavallenar.cl\/index.php?rest_route=\/wp\/v2\/users\/2"}],"replies":[{"embeddable":true,"href":"https:\/\/www.radioamigavallenar.cl\/index.php?rest_route=%2Fwp%2Fv2%2Fcomments&post=18540"}],"version-history":[{"count":0,"href":"https:\/\/www.radioamigavallenar.cl\/index.php?rest_route=\/wp\/v2\/posts\/18540\/revisions"}],"wp:featuredmedia":[{"embeddable":true,"href":"https:\/\/www.radioamigavallenar.cl\/index.php?rest_route=\/wp\/v2\/media\/18541"}],"wp:attachment":[{"href":"https:\/\/www.radioamigavallenar.cl\/index.php?rest_route=%2Fwp%2Fv2%2Fmedia&parent=18540"}],"wp:term":[{"taxonomy":"category","embeddable":true,"href":"https:\/\/www.radioamigavallenar.cl\/index.php?rest_route=%2Fwp%2Fv2%2Fcategories&post=18540"},{"taxonomy":"post_tag","embeddable":true,"href":"https:\/\/www.radioamigavallenar.cl\/index.php?rest_route=%2Fwp%2Fv2%2Ftags&post=18540"}],"curies":[{"name":"wp","href":"https:\/\/api.w.org\/{rel}","templated":true}]}}