{"id":18524,"date":"2019-11-25T11:57:14","date_gmt":"2019-11-25T14:57:14","guid":{"rendered":"https:\/\/www.radioamigavallenar.cl\/?p=18524"},"modified":"2019-11-25T11:57:28","modified_gmt":"2019-11-25T14:57:28","slug":"crisis-social-lanzan-plataforma-donde-pymes-se-pueden-inscribir-para-vender-por-internet","status":"publish","type":"post","link":"https:\/\/www.radioamigavallenar.cl\/?p=18524","title":{"rendered":"Lanzan plataforma donde pymes se pueden inscribir para vender por internet"},"content":{"rendered":"\n<figure class=\"wp-block-image size-large\"><img loading=\"lazy\" decoding=\"async\" width=\"1024\" height=\"512\" src=\"https:\/\/www.radioamigavallenar.cl\/wp-content\/uploads\/2019\/11\/apoyame-325841619bb1c1315894db2489c3575a-1200x600-1024x512.jpg\" alt=\"\" class=\"wp-image-18525\" srcset=\"https:\/\/www.radioamigavallenar.cl\/wp-content\/uploads\/2019\/11\/apoyame-325841619bb1c1315894db2489c3575a-1200x600-1024x512.jpg 1024w, https:\/\/www.radioamigavallenar.cl\/wp-content\/uploads\/2019\/11\/apoyame-325841619bb1c1315894db2489c3575a-1200x600-300x150.jpg 300w, https:\/\/www.radioamigavallenar.cl\/wp-content\/uploads\/2019\/11\/apoyame-325841619bb1c1315894db2489c3575a-1200x600-768x384.jpg 768w, https:\/\/www.radioamigavallenar.cl\/wp-content\/uploads\/2019\/11\/apoyame-325841619bb1c1315894db2489c3575a-1200x600.jpg 1200w\" sizes=\"auto, (max-width: 1024px) 100vw, 1024px\" \/><\/figure>\n\n\n\n<p>Uno de los problemas que han debido enfrentar los emprendedores en medio de esta crisis es no poder atender sus locales y, por ende, han vendido menos. Por ello, el canal online aparece como una soluci\u00f3n a analizar.<\/p>\n\n\n\n<p>Al respecto, y con el objetivo de impulsar la reactivaci\u00f3n de las micro, peque\u00f1as y medianas empresas, que se inscribieron en los dos catastros que realiz\u00f3 el Ministerio de Econom\u00eda y las que pertenecen a alg\u00fan gremio, en conjunto con la C\u00e1mara de Comercio de Santiago (CCS), lanzaron este lunes la campa\u00f1a\u00a0\u201cAPOYAME, juntos por nuestras Pymes\u201d, que busca incentivar la venta online de productos y\/o servicios que comercializan.<\/p>\n\n\n\n<p>La actividad, que es parte del plan #ElijoPyme est\u00e1 dirigida a las peque\u00f1as empresas, a lo largo de todo el pa\u00eds, que sufrieron da\u00f1os materiales en el \u00faltimo mes, que tuvieron bajas ventas por lucro cesante y que se registraron en los dos catastros que realiz\u00f3 el Ministerio.<\/p>\n\n\n\n<p>En la primera etapa se abre un per\u00edodo de postulaci\u00f3n para que las pymes puedan concursar por&nbsp;uno de los mil cupos disponibles para ser parte de la p\u00e1gina web&nbsp;<a href=\"http:\/\/www.apoyameaqui.cl\/\" target=\"_blank\" rel=\"noreferrer noopener\">www.apoyameaqui.cl<\/a>. Este proceso de postulaci\u00f3n culmina a las 23:59 del mi\u00e9rcoles 27 de noviembre.&nbsp;Una vez incorporada, la empresa de menor tama\u00f1o podr\u00e1 participar de un per\u00edodo de venta online que se extender\u00e1 entre el 2 y 8 de diciembre.<\/p>\n\n\n\n<p>\u201cEste es un esfuerzo p\u00fablico-privado cuyo objetivo es atender uno de los requerimientos m\u00e1s urgentes que tienen las pymes afectadas, que es vender. Sabemos que les ha sido dif\u00edcil sobreponerse a episodios de saqueos, desmanes o incendios, en los casos m\u00e1s graves, y que necesitan reorganizarse y volver a poner en pie sus negocios\u00bb, sostuvo el ministro de Econom\u00eda, Lucas Palacios.<\/p>\n\n\n\n<p>La autoridad explic\u00f3 tambi\u00e9n que \u00abhay muchas pymes se quedaron con stock y no han podido vender, y el objetivo de esta campa\u00f1a es darles una salida concreta que les signifique recaudaci\u00f3n y flujo de caja, que se suma a los subsidios y de la orientaci\u00f3n financiera que les estamos entregando\u201d.<\/p>\n\n\n\n<p>Por su parte el presidente de la CCS, Peter Hill, se\u00f1al\u00f3 que esta iniciativa naci\u00f3 de las inquietudes que planteaban las mismas pymes, ya que muchas de \u00e9stas \u201cperdieron su infraestructura y capital de trabajo, otras no han podido abrir o han debido hacerlo en horarios restringidos y otras simplemente han sufrido fuertes ca\u00eddas en sus ventas, por lo que muchas de ellas ven peligrar su negocio\u00bb.<\/p>\n\n\n\n<h3 class=\"wp-block-heading\">REQUISITOS A CUMPLIR<\/h3>\n\n\n\n<p>Para participar en la web y ofrecer sus productos las pymes deber\u00e1n cumplir algunos requisitos, entre ellos tener informaci\u00f3n clara y visible sobre:<\/p>\n\n\n\n<ul class=\"wp-block-list\"><li>Ley de Protecci\u00f3n al consumidor<\/li><li>Informaci\u00f3n de retracto<\/li><li>Condiciones de despacho<\/li><li>Condiciones de compra<\/li><li>Condiciones de devoluci\u00f3n<\/li><li>Condiciones de anulaci\u00f3n<\/li><li>Edad m\u00ednima de contrataci\u00f3n<\/li><\/ul>\n\n\n\n<p>En caso de que un emprendedor quiera entregar ofertas especiales, los productos o servicios que forman parte de las promociones&nbsp;deben presentarse de forma clara e inequ\u00edvoca para el cliente final.<\/p>\n\n\n\n<p>Asimismo, se deber\u00e1 informar claramente el alcance territorial de las ofertas. Los precios deber\u00e1n incluir todos los cargos asociados al producto o servicio ofrecido (como el despacho, ya sea que se pague en el sitio o en modalidad \u201cpor pagar\u201d.<\/p>\n\n\n\n<p>Tambi\u00e9n deber\u00e1 informar claramente las formas de pago, los plazos y condiciones del retiro o despacho, as\u00ed como los mecanismos para devoluci\u00f3n o cambio de productos.<\/p>\n","protected":false},"excerpt":{"rendered":"<p>Uno de los problemas que han debido enfrentar los emprendedores en medio de esta crisis es no poder atender sus locales y, por ende, han&hellip; <\/p>\n","protected":false},"author":2,"featured_media":18525,"comment_status":"open","ping_status":"closed","sticky":false,"template":"","format":"standard","meta":{"footnotes":""},"categories":[7,37],"tags":[],"class_list":["post-18524","post","type-post","status-publish","format-standard","has-post-thumbnail","hentry","category-atacama","category-nacional"],"_links":{"self":[{"href":"https:\/\/www.radioamigavallenar.cl\/index.php?rest_route=\/wp\/v2\/posts\/18524","targetHints":{"allow":["GET"]}}],"collection":[{"href":"https:\/\/www.radioamigavallenar.cl\/index.php?rest_route=\/wp\/v2\/posts"}],"about":[{"href":"https:\/\/www.radioamigavallenar.cl\/index.php?rest_route=\/wp\/v2\/types\/post"}],"author":[{"embeddable":true,"href":"https:\/\/www.radioamigavallenar.cl\/index.php?rest_route=\/wp\/v2\/users\/2"}],"replies":[{"embeddable":true,"href":"https:\/\/www.radioamigavallenar.cl\/index.php?rest_route=%2Fwp%2Fv2%2Fcomments&post=18524"}],"version-history":[{"count":0,"href":"https:\/\/www.radioamigavallenar.cl\/index.php?rest_route=\/wp\/v2\/posts\/18524\/revisions"}],"wp:featuredmedia":[{"embeddable":true,"href":"https:\/\/www.radioamigavallenar.cl\/index.php?rest_route=\/wp\/v2\/media\/18525"}],"wp:attachment":[{"href":"https:\/\/www.radioamigavallenar.cl\/index.php?rest_route=%2Fwp%2Fv2%2Fmedia&parent=18524"}],"wp:term":[{"taxonomy":"category","embeddable":true,"href":"https:\/\/www.radioamigavallenar.cl\/index.php?rest_route=%2Fwp%2Fv2%2Fcategories&post=18524"},{"taxonomy":"post_tag","embeddable":true,"href":"https:\/\/www.radioamigavallenar.cl\/index.php?rest_route=%2Fwp%2Fv2%2Ftags&post=18524"}],"curies":[{"name":"wp","href":"https:\/\/api.w.org\/{rel}","templated":true}]}}