{"id":18521,"date":"2019-11-25T11:50:46","date_gmt":"2019-11-25T14:50:46","guid":{"rendered":"https:\/\/www.radioamigavallenar.cl\/?p=18521"},"modified":"2019-11-25T11:50:47","modified_gmt":"2019-11-25T14:50:47","slug":"prochile-atacama-el-importante-paquete-de-medidas-en-apoyo-a-pymes-exportadoras","status":"publish","type":"post","link":"https:\/\/www.radioamigavallenar.cl\/?p=18521","title":{"rendered":"ProChile Atacama: el importante paquete de medidas en apoyo a pymes exportadoras"},"content":{"rendered":"\n<figure class=\"wp-block-image size-large\"><img loading=\"lazy\" decoding=\"async\" width=\"1024\" height=\"734\" src=\"https:\/\/www.radioamigavallenar.cl\/wp-content\/uploads\/2019\/11\/DSCN2002-1024x734.jpg\" alt=\"\" class=\"wp-image-18522\" srcset=\"https:\/\/www.radioamigavallenar.cl\/wp-content\/uploads\/2019\/11\/DSCN2002-1024x734.jpg 1024w, https:\/\/www.radioamigavallenar.cl\/wp-content\/uploads\/2019\/11\/DSCN2002-300x215.jpg 300w, https:\/\/www.radioamigavallenar.cl\/wp-content\/uploads\/2019\/11\/DSCN2002-768x551.jpg 768w, https:\/\/www.radioamigavallenar.cl\/wp-content\/uploads\/2019\/11\/DSCN2002-1536x1101.jpg 1536w, https:\/\/www.radioamigavallenar.cl\/wp-content\/uploads\/2019\/11\/DSCN2002-2048x1468.jpg 2048w\" sizes=\"auto, (max-width: 1024px) 100vw, 1024px\" \/><\/figure>\n\n\n\n<p><strong>Al plan nacional, se suman diversas acciones de la Oficina Regional como ruedas de negocios, encuentros binacionales, misiones comerciales y capacitaciones.<\/strong><\/p>\n\n\n\n<p>Un importante plan nacional de apoyo para las pymes exportadoras fue anunciado por ProChile. Se trata de un paquete de medidas con un costo de\u00a0<strong>$3.571 millones\u00a0<\/strong>que ir\u00e1n en ayuda de m\u00e1s de<strong>\u00a0<\/strong>2.000 peque\u00f1as y medianas empresas exportadoras, tambi\u00e9n conocidas como \u201cPymex\u201d.<\/p>\n\n\n\n<p>Seg\u00fan explic\u00f3 el Director de la Oficina Regional de ProChile, Juan Noemi Campos, los apoyos se determinaron mediante una encuesta a nivel pa\u00eds entre sus clientes exportadores y no exportadores (m\u00e1s de 3 mil), donde coincidieron que el sector se ha visto afectado por la contingencia.<\/p>\n\n\n\n<p>En este sentido, un 84% indican problemas log\u00edsticos, 81% de producci\u00f3n, 78% problemas econ\u00f3micos y\/o de liquidez, y 75% problem\u00e1ticas de cumplimiento de contratos en el exterior. Desde ProChile informaron que las medidas se agrupan en los siguientes temas:<\/p>\n\n\n\n<p>\u2013&nbsp;<strong>Simplificaci\u00f3n de tr\u00e1mites&nbsp;<\/strong>para postular a herramientas como misiones comerciales y convocatorias, donde se crear\u00e1 una l\u00ednea de concurso expr\u00e9s para las empresas que necesiten reunirse con importadores y se disminuir\u00e1 el aporte privado de participaci\u00f3n en ferias internacionales para las Pymes exportadoras, que en 2020 ser\u00e1n cerca de 44.<\/p>\n\n\n\n<p>\u2013&nbsp;<strong>Convocatoria a Mesas de Trabajo<\/strong>&nbsp;a los gremios exportadores y a los principales servicios p\u00fablicos e instituciones t\u00e9cnicas involucrados en el proceso exportador, desde log\u00edstica, temas financieros, permisos y otros.<\/p>\n\n\n\n<p>\u2013&nbsp;<strong>Mejora en Convenios<\/strong>&nbsp;que la instituci\u00f3n ya tiene, para apoyar en la contingencia. En el caso de DHL, la empresa entregar\u00e1 un 70% de descuento para aquellos peque\u00f1os y medianos exportadores clientes de ProChile que abran cuentas con la compa\u00f1\u00eda (actualmente es de 35%). Quienes ya son clientes de DHL podr\u00e1n acceder a nuevas condiciones de cr\u00e9dito. COFACE Chile extender\u00e1 a todos los clientes de ProChile un descuento del 10% en la tasa de prima de los seguros de cr\u00e9ditos de exportaci\u00f3n.<\/p>\n\n\n\n<p>\u2013&nbsp;<strong>Inteligencia Comercial:&nbsp;<\/strong>Se pone a disposici\u00f3n y en forma gratuita en la p\u00e1gina web de ProChile cerca de 80 estudios modulares de oportunidades comerciales. Se realizar\u00e1 una Rueda de Asesor\u00edas Internacionales entre empresas exportadoras y Directores Comerciales de ProChile en Sudam\u00e9rica, y se realizar\u00e1n ruedas de negocios virtuales para conectar a exportadores e importadores mediante ruedas de negocios online, priorizando empresas<\/p>\n\n\n\n<p><strong>-Eventos<\/strong>&nbsp;<strong>reagendados<\/strong>&nbsp;como el Encuentro Binacional Chile Paraguay, que se llevar\u00e1 a cabo en Asunci\u00f3n el 12 y 13 de diciembre; el Encuentro Exportador de Industrias Creativas, que se har\u00e1 la primera semana de enero; el Encuentro Exportador de TI, la segunda quincena de enero, y un seminario de Nintendo en Chile para desarrolladores de videojuegos el 10 de enero.<\/p>\n\n\n\n<p><strong>TRABAJO EN ATACAMA<\/strong><\/p>\n\n\n\n<p>En el contexto regional, &nbsp;Juan Noemi adelant\u00f3 que la Oficina atacame\u00f1a se encuentra preparando una \u201cInvitaci\u00f3n de Importadores\u201d que implicar\u00e1&nbsp;<strong>Ruedas de Negocios&nbsp;<\/strong>con empresas de Rusia, Taiw\u00e1n, Jap\u00f3n, Brasil, Paraguay, Ecuador, Per\u00fa, Bolivia, Centroam\u00e9rica y Estados Unidos.<\/p>\n\n\n\n<p>\u201cEstas Ruedas de Negocios beneficiar\u00e1n a nuestros productores y exportadores de sectores como Agroindustria, Uva de Mesa, Aceitunas, Pasas, Fruta Fresca, Productos del Mar y Servicios a la Miner\u00eda. Hoy, el \u00e9nfasis de nuestro trabajo est\u00e1 enfocado en apoyar y brindar todas las herramientas que disponemos para nuestras peque\u00f1as y medianas empresas exportadoras\u201d, se\u00f1al\u00f3 el Director de ProChile Atacama, destacando que tambi\u00e9n se realizar\u00e1 en la Regi\u00f3n un&nbsp;<strong>Encuentro Binacional entre ProChile y PromPer\u00fa<\/strong>.<\/p>\n\n\n\n<p>\u201cEn este encuentro Binacional tendremos la participaci\u00f3n de importadores de M\u00e9xico, Brasil, Colombia y Per\u00fa, donde se pondr\u00e1 \u00e9nfasis en aquellas empresas que est\u00e1n en procesos de reconversi\u00f3n del sector uvas de exportaci\u00f3n a pasas. A ello, se sumar\u00e1n reuniones con importadores de servicios a la Miner\u00eda, y el desarrollo de talleres para posicionar nuestras ofertas productivas regionales como el sector oliv\u00edcola y productos del mar\u201d, a\u00f1adi\u00f3 Noemi.<\/p>\n\n\n\n<p>Por otro lado, considerando la reciente Misi\u00f3n Comercial de productores regionales de APECO a Taiw\u00e1n, igualmente hay que sumar una pr\u00f3xima Misi\u00f3n Comercial de proveedores de servicios a la miner\u00eda a Ecuador y Bolivia; &nbsp;el impulso de las Industrias Creativas con una Misi\u00f3n y Taller de Oportunidades en M\u00e9xico; y acciones de promoci\u00f3n del Pisco en pa\u00edses como Espa\u00f1a.<\/p>\n\n\n\n<p>Finalmente, dentro de las actividades m\u00e1s pr\u00f3ximas, est\u00e1 contemplada la Mesa de Trabajo con empresas productoras regionales, donde el equipo de ProChile dar\u00e1 a conocer el alcance y detalle de las &nbsp;medidas anunciadas en apoyo de &nbsp;las pymes exportadoras. A lo que se unir\u00e1n jornadas de capacitaciones en Comercio Electr\u00f3nico y Exportaci\u00f3n de Servicios en Vallenar y Copiap\u00f3.<\/p>\n","protected":false},"excerpt":{"rendered":"<p>Al plan nacional, se suman diversas acciones de la Oficina Regional como ruedas de negocios, encuentros binacionales, misiones comerciales y capacitaciones. Un importante plan nacional&hellip; <\/p>\n","protected":false},"author":2,"featured_media":18522,"comment_status":"open","ping_status":"closed","sticky":false,"template":"","format":"standard","meta":{"footnotes":""},"categories":[7,1],"tags":[],"class_list":["post-18521","post","type-post","status-publish","format-standard","has-post-thumbnail","hentry","category-atacama","category-provincia-del-huasco-2"],"_links":{"self":[{"href":"https:\/\/www.radioamigavallenar.cl\/index.php?rest_route=\/wp\/v2\/posts\/18521","targetHints":{"allow":["GET"]}}],"collection":[{"href":"https:\/\/www.radioamigavallenar.cl\/index.php?rest_route=\/wp\/v2\/posts"}],"about":[{"href":"https:\/\/www.radioamigavallenar.cl\/index.php?rest_route=\/wp\/v2\/types\/post"}],"author":[{"embeddable":true,"href":"https:\/\/www.radioamigavallenar.cl\/index.php?rest_route=\/wp\/v2\/users\/2"}],"replies":[{"embeddable":true,"href":"https:\/\/www.radioamigavallenar.cl\/index.php?rest_route=%2Fwp%2Fv2%2Fcomments&post=18521"}],"version-history":[{"count":0,"href":"https:\/\/www.radioamigavallenar.cl\/index.php?rest_route=\/wp\/v2\/posts\/18521\/revisions"}],"wp:featuredmedia":[{"embeddable":true,"href":"https:\/\/www.radioamigavallenar.cl\/index.php?rest_route=\/wp\/v2\/media\/18522"}],"wp:attachment":[{"href":"https:\/\/www.radioamigavallenar.cl\/index.php?rest_route=%2Fwp%2Fv2%2Fmedia&parent=18521"}],"wp:term":[{"taxonomy":"category","embeddable":true,"href":"https:\/\/www.radioamigavallenar.cl\/index.php?rest_route=%2Fwp%2Fv2%2Fcategories&post=18521"},{"taxonomy":"post_tag","embeddable":true,"href":"https:\/\/www.radioamigavallenar.cl\/index.php?rest_route=%2Fwp%2Fv2%2Ftags&post=18521"}],"curies":[{"name":"wp","href":"https:\/\/api.w.org\/{rel}","templated":true}]}}