{"id":18518,"date":"2019-11-25T11:48:41","date_gmt":"2019-11-25T14:48:41","guid":{"rendered":"https:\/\/www.radioamigavallenar.cl\/?p=18518"},"modified":"2019-11-25T11:48:42","modified_gmt":"2019-11-25T14:48:42","slug":"camion-desbarranco-la-manana-de-este-lunes-al-sur-de-vallenar","status":"publish","type":"post","link":"https:\/\/www.radioamigavallenar.cl\/?p=18518","title":{"rendered":"Cami\u00f3n desbarranc\u00f3 la ma\u00f1ana de este lunes al sur de Vallenar"},"content":{"rendered":"\n<figure class=\"wp-block-image size-large\"><img loading=\"lazy\" decoding=\"async\" width=\"778\" height=\"716\" src=\"https:\/\/www.radioamigavallenar.cl\/wp-content\/uploads\/2019\/11\/PHOTO-2019-11-25-11-43-18.jpg\" alt=\"\" class=\"wp-image-18519\" srcset=\"https:\/\/www.radioamigavallenar.cl\/wp-content\/uploads\/2019\/11\/PHOTO-2019-11-25-11-43-18.jpg 778w, https:\/\/www.radioamigavallenar.cl\/wp-content\/uploads\/2019\/11\/PHOTO-2019-11-25-11-43-18-300x276.jpg 300w, https:\/\/www.radioamigavallenar.cl\/wp-content\/uploads\/2019\/11\/PHOTO-2019-11-25-11-43-18-768x707.jpg 768w\" sizes=\"auto, (max-width: 778px) 100vw, 778px\" \/><\/figure>\n\n\n\n<p>Accidente se registr\u00f3 en horas de la ma\u00f1ana de este lunes en ruta 5 Norte Km 575.<\/p>\n\n\n\n<p>Antecedentes indican que por motivos que ser\u00e1n materia de la investigaci\u00f3n, el conductor de un cami\u00f3n que transitaba por el lugar, perdi\u00f3 el control de la m\u00e1quina cayendo a un barranco.<\/p>\n\n\n\n<p>A ra\u00edz del volcamiento ocupantes del cami\u00f3n resultaron con lesiones de diversa consideraci\u00f3n. Se indic\u00f3 que una persona hab\u00eda quedado atrapada al interior de la m\u00e1quina la que debi\u00f3 ser rescatada por personal de bomberos de Vallenar.<\/p>\n\n\n\n<p>Al sitio del suceso llegaron adem\u00e1s equipo SAMU y carabineros. Personal uniformado procedi\u00f3 a realizar las indagatorias para esclarecer din\u00e1mica y causa basal del accidente carretero.<\/p>\n\n\n\n<p>Los lesionados fueron derivados en ambulancias al centro asistencial de Vallenar.<\/p>\n","protected":false},"excerpt":{"rendered":"<p>Accidente se registr\u00f3 en horas de la ma\u00f1ana de este lunes en ruta 5 Norte Km 575. Antecedentes indican que por motivos que ser\u00e1n materia&hellip; <\/p>\n","protected":false},"author":2,"featured_media":18519,"comment_status":"open","ping_status":"closed","sticky":false,"template":"","format":"standard","meta":{"footnotes":""},"categories":[1,2],"tags":[],"class_list":["post-18518","post","type-post","status-publish","format-standard","has-post-thumbnail","hentry","category-provincia-del-huasco-2","category-vallenar"],"_links":{"self":[{"href":"https:\/\/www.radioamigavallenar.cl\/index.php?rest_route=\/wp\/v2\/posts\/18518","targetHints":{"allow":["GET"]}}],"collection":[{"href":"https:\/\/www.radioamigavallenar.cl\/index.php?rest_route=\/wp\/v2\/posts"}],"about":[{"href":"https:\/\/www.radioamigavallenar.cl\/index.php?rest_route=\/wp\/v2\/types\/post"}],"author":[{"embeddable":true,"href":"https:\/\/www.radioamigavallenar.cl\/index.php?rest_route=\/wp\/v2\/users\/2"}],"replies":[{"embeddable":true,"href":"https:\/\/www.radioamigavallenar.cl\/index.php?rest_route=%2Fwp%2Fv2%2Fcomments&post=18518"}],"version-history":[{"count":0,"href":"https:\/\/www.radioamigavallenar.cl\/index.php?rest_route=\/wp\/v2\/posts\/18518\/revisions"}],"wp:featuredmedia":[{"embeddable":true,"href":"https:\/\/www.radioamigavallenar.cl\/index.php?rest_route=\/wp\/v2\/media\/18519"}],"wp:attachment":[{"href":"https:\/\/www.radioamigavallenar.cl\/index.php?rest_route=%2Fwp%2Fv2%2Fmedia&parent=18518"}],"wp:term":[{"taxonomy":"category","embeddable":true,"href":"https:\/\/www.radioamigavallenar.cl\/index.php?rest_route=%2Fwp%2Fv2%2Fcategories&post=18518"},{"taxonomy":"post_tag","embeddable":true,"href":"https:\/\/www.radioamigavallenar.cl\/index.php?rest_route=%2Fwp%2Fv2%2Ftags&post=18518"}],"curies":[{"name":"wp","href":"https:\/\/api.w.org\/{rel}","templated":true}]}}