{"id":18514,"date":"2019-11-25T00:00:00","date_gmt":"2019-11-25T03:00:00","guid":{"rendered":"https:\/\/www.radioamigavallenar.cl\/?p=18514"},"modified":"2019-11-24T22:51:21","modified_gmt":"2019-11-25T01:51:21","slug":"pinera-anuncio-proyecto-de-ley-para-permitir-que-las-ff-aa-resguarden-infraestructuras-del-pais","status":"publish","type":"post","link":"https:\/\/www.radioamigavallenar.cl\/?p=18514","title":{"rendered":"Pi\u00f1era anunci\u00f3 proyecto de ley para permitir que las FF.AA. resguarden infraestructuras del pa\u00eds"},"content":{"rendered":"\n<figure class=\"wp-block-image size-large\"><img loading=\"lazy\" decoding=\"async\" width=\"770\" height=\"450\" src=\"https:\/\/www.radioamigavallenar.cl\/wp-content\/uploads\/2019\/11\/3982878_n_vir3.jpg\" alt=\"\" class=\"wp-image-18515\" srcset=\"https:\/\/www.radioamigavallenar.cl\/wp-content\/uploads\/2019\/11\/3982878_n_vir3.jpg 770w, https:\/\/www.radioamigavallenar.cl\/wp-content\/uploads\/2019\/11\/3982878_n_vir3-300x175.jpg 300w, https:\/\/www.radioamigavallenar.cl\/wp-content\/uploads\/2019\/11\/3982878_n_vir3-768x449.jpg 768w\" sizes=\"auto, (max-width: 770px) 100vw, 770px\" \/><\/figure>\n\n\n\n<p>El Presidente\u00a0Sebasti\u00e1n Pi\u00f1era\u00a0lleg\u00f3 a la\u00a0escuela de suboficiales de Carabineros, en Macul, para compartir con miembros de la instituci\u00f3n, acompa\u00f1ado de los ministros\u00a0Gonzalo Blumel,\u00a0Alberto Espina\u00a0y la secretaria de Gobierno,\u00a0Karla Rubilar.<\/p>\n\n\n\n<p>En la ocasi\u00f3n, el mandatario hizo varios anuncios, donde el que m\u00e1s llam\u00f3 la atenci\u00f3n fue el env\u00edo de\u00a0un proyecto de ley para que las Fuerzas Armadas puedan colaborar en el resguardo de algunas infraestructuras del pa\u00eds, en el marco de la crisis social y pol\u00edtica que enfrenta el pa\u00eds.<\/p>\n\n\n\n<p>Sobre esto, Pi\u00f1era se\u00f1al\u00f3 que \u00abla pr\u00f3xima semana vamos a enviar el Congreso Nacional un proyecto de ley que va a permitir a nuestras Fuerzas Armadas,\u00a0sin necesidad de establecer Estados de Excepci\u00f3n Constitucional ni de restringir libertades y derechos de los ciudadanos, poder colaborar en la protecci\u00f3n de la infraestructura cr\u00edtica de nuestro pa\u00eds\u00bb.<\/p>\n","protected":false},"excerpt":{"rendered":"<p>El Presidente\u00a0Sebasti\u00e1n Pi\u00f1era\u00a0lleg\u00f3 a la\u00a0escuela de suboficiales de Carabineros, en Macul, para compartir con miembros de la instituci\u00f3n, acompa\u00f1ado de los ministros\u00a0Gonzalo Blumel,\u00a0Alberto Espina\u00a0y la&hellip; <\/p>\n","protected":false},"author":2,"featured_media":18515,"comment_status":"open","ping_status":"closed","sticky":false,"template":"","format":"standard","meta":{"footnotes":""},"categories":[7,37],"tags":[],"class_list":["post-18514","post","type-post","status-publish","format-standard","has-post-thumbnail","hentry","category-atacama","category-nacional"],"_links":{"self":[{"href":"https:\/\/www.radioamigavallenar.cl\/index.php?rest_route=\/wp\/v2\/posts\/18514","targetHints":{"allow":["GET"]}}],"collection":[{"href":"https:\/\/www.radioamigavallenar.cl\/index.php?rest_route=\/wp\/v2\/posts"}],"about":[{"href":"https:\/\/www.radioamigavallenar.cl\/index.php?rest_route=\/wp\/v2\/types\/post"}],"author":[{"embeddable":true,"href":"https:\/\/www.radioamigavallenar.cl\/index.php?rest_route=\/wp\/v2\/users\/2"}],"replies":[{"embeddable":true,"href":"https:\/\/www.radioamigavallenar.cl\/index.php?rest_route=%2Fwp%2Fv2%2Fcomments&post=18514"}],"version-history":[{"count":0,"href":"https:\/\/www.radioamigavallenar.cl\/index.php?rest_route=\/wp\/v2\/posts\/18514\/revisions"}],"wp:featuredmedia":[{"embeddable":true,"href":"https:\/\/www.radioamigavallenar.cl\/index.php?rest_route=\/wp\/v2\/media\/18515"}],"wp:attachment":[{"href":"https:\/\/www.radioamigavallenar.cl\/index.php?rest_route=%2Fwp%2Fv2%2Fmedia&parent=18514"}],"wp:term":[{"taxonomy":"category","embeddable":true,"href":"https:\/\/www.radioamigavallenar.cl\/index.php?rest_route=%2Fwp%2Fv2%2Fcategories&post=18514"},{"taxonomy":"post_tag","embeddable":true,"href":"https:\/\/www.radioamigavallenar.cl\/index.php?rest_route=%2Fwp%2Fv2%2Ftags&post=18514"}],"curies":[{"name":"wp","href":"https:\/\/api.w.org\/{rel}","templated":true}]}}