{"id":18510,"date":"2019-11-25T00:00:00","date_gmt":"2019-11-25T03:00:00","guid":{"rendered":"https:\/\/www.radioamigavallenar.cl\/?p=18510"},"modified":"2019-11-24T22:46:59","modified_gmt":"2019-11-25T01:46:59","slug":"seremi-de-bienes-nacionales-entrego-titulos-de-dominio-en-chanaral","status":"publish","type":"post","link":"https:\/\/www.radioamigavallenar.cl\/?p=18510","title":{"rendered":"Seremi de Bienes Nacionales entreg\u00f3 t\u00edtulos de dominio en Cha\u00f1aral"},"content":{"rendered":"\n<figure class=\"wp-block-image size-large\"><img loading=\"lazy\" decoding=\"async\" width=\"800\" height=\"600\" src=\"https:\/\/www.radioamigavallenar.cl\/wp-content\/uploads\/2019\/11\/bbnn-1-800x600.jpg\" alt=\"\" class=\"wp-image-18511\" srcset=\"https:\/\/www.radioamigavallenar.cl\/wp-content\/uploads\/2019\/11\/bbnn-1-800x600.jpg 800w, https:\/\/www.radioamigavallenar.cl\/wp-content\/uploads\/2019\/11\/bbnn-1-800x600-300x225.jpg 300w, https:\/\/www.radioamigavallenar.cl\/wp-content\/uploads\/2019\/11\/bbnn-1-800x600-768x576.jpg 768w\" sizes=\"auto, (max-width: 800px) 100vw, 800px\" \/><\/figure>\n\n\n\n<p>Con la finalidad de llevar alegr\u00eda a una decena de familias de la Provincia de Cha\u00f1aral, la Seremi de Bienes Nacionales, Carla Guaita Carrizo, efectu\u00f3 la entrega de diez t\u00edtulos de dominio, dirigidos a vecinos y vecinas de la zona, quienes concurrieron hasta las dependencias de la Gobernaci\u00f3n provincial.<\/p>\n\n\n\n<p>La actividad se realiz\u00f3 en un marco de total austeridad, pese a lo cual, los beneficiarios presentes agradecieron enormemente la r\u00e1pida gesti\u00f3n de Bienes Nacionales, dado que, tras a\u00f1os de espera, finalmente recibieron el documento que acredita que son due\u00f1os del lugar donde residen, y donde han forjado sus familias con esfuerzo y dedicaci\u00f3n.<\/p>\n\n\n\n<p>Mariela Espinoza, quien asisti\u00f3 en nombre de su hija, destac\u00f3 que ella \u201cesperaba este t\u00edtulo desde hace tiempo atr\u00e1s. Mi hija viv\u00eda haciendo el tr\u00e1mite; pero en esta ocasi\u00f3n sali\u00f3 todo muy r\u00e1pido. Estoy muy contenta, porque todo le sali\u00f3 bien, lo que es muy valioso e importante, porque en esto se nota el crecimiento, con la seguridad de tener a sus hijos bien. Lo m\u00e1s importante es el suelo y el lugar donde t\u00fa vives, algo tuyo, algo propio\u201d, indic\u00f3.<\/p>\n\n\n\n<p>En la misma l\u00ednea, Arturo Rivera, otro beneficiario asistente a la actividad, asegur\u00f3 sentirse feliz, \u201cporque yo estuve como 15 a\u00f1os detr\u00e1s de esto; el a\u00f1o pasado hice los tr\u00e1mites, y ahora realmente lo tenemos ac\u00e1. Ac\u00e1 est\u00e1 mi casa propia\u201d, se\u00f1al\u00f3, mientras mostraba orgulloso su carpeta de t\u00edtulo. El vecino destac\u00f3&nbsp; que \u201ces lo que yo quer\u00eda para mi familia. Nosotros compramos esa casa, y despu\u00e9s nos cost\u00f3 un mundo sacar la posici\u00f3n efectiva, y fue tramite tras tr\u00e1mite, a\u00f1o tras a\u00f1o. Pero cuando me dijeron de esta regularizaci\u00f3n, lo hicimos, y fue corto, s\u00faper corto, y m\u00e1s agradecido todav\u00eda, porque me devolvieron unas lucas (sic) hace un par de meses atr\u00e1s, as\u00ed que feliz. Ahora llego a mi casa\u201d.<\/p>\n\n\n\n<p>Finalmente, Mar\u00eda Lay, vecina que no pudo asistir a la ceremonia por motivos laborales, recibi\u00f3 la carpeta en su propio domicilio, de manos de la Seremi Carla Guaita. Tras la sorpresa, la beneficiaria asegur\u00f3 que \u201cme parece maravilloso, porque llevaba varios a\u00f1os esperando regularizar este tema, porque para poder construir, hace falta tener t\u00edtulo. No pude asistir a la ceremonia, porque ten\u00eda que trabajar, (pero) me lo vinieron a dejar a la casa, y (me parece) muy bien, fant\u00e1stico. M\u00e1s de 20 a\u00f1os esperando por distintos motivos, pero ya sali\u00f3, est\u00e1 ac\u00e1. Muchas gracias\u201d.<\/p>\n\n\n\n<h3 class=\"wp-block-heading\">Opini\u00f3n de la autoridad<\/h3>\n\n\n\n<p>Tras la gesti\u00f3n efectuada en la comuna de Cha\u00f1aral, la Seremi Carla Guaita, agradeci\u00f3 a todos los beneficiaros la buena disponibilidad y cercan\u00eda mostrada. \u201cEstamos muy contentos de haber podido entregar en una ceremonia muy austera, pero muy significativa, y con mucho sentimiento, estos t\u00edtulos de dominio a vecinos de la comuna de Cha\u00f1aral. Les plante\u00e1bamos en la entrega que no hay satisfacci\u00f3n m\u00e1s grande que el poder entregar esta certeza, esta significancia, en torno a que, lo que han ocupado por tanto tiempo, la vida que se ha desarrollado en un lugar, al fin tiene el t\u00edtulo, la propiedad que tanto han a\u00f1orado. Hab\u00edan personas que llevaban d\u00e9cadas esperando el poder tener sus t\u00edtulos, y por tanto, no hay nada que nos haga m\u00e1s feliz, que el aportar con esta felicidad a estos vecinos de la comuna de Cha\u00f1aral. Esto nos da fuerzas para seguir impulsando el trabajo que estamos desarrollando en el Gobierno del Presidente Sebasti\u00e1n Pi\u00f1era, en conjunto con nuestro Ministro Julio Isamit, en torno a ayudar, dar bienestar, y extender todos nuestros esfuerzos para mejorar la calidad de vida de todos y todas\u201d, concluy\u00f3 la Seremi.<\/p>\n","protected":false},"excerpt":{"rendered":"<p>Con la finalidad de llevar alegr\u00eda a una decena de familias de la Provincia de Cha\u00f1aral, la Seremi de Bienes Nacionales, Carla Guaita Carrizo, efectu\u00f3&hellip; <\/p>\n","protected":false},"author":2,"featured_media":18511,"comment_status":"open","ping_status":"closed","sticky":false,"template":"","format":"standard","meta":{"footnotes":""},"categories":[7],"tags":[],"class_list":["post-18510","post","type-post","status-publish","format-standard","has-post-thumbnail","hentry","category-atacama"],"_links":{"self":[{"href":"https:\/\/www.radioamigavallenar.cl\/index.php?rest_route=\/wp\/v2\/posts\/18510","targetHints":{"allow":["GET"]}}],"collection":[{"href":"https:\/\/www.radioamigavallenar.cl\/index.php?rest_route=\/wp\/v2\/posts"}],"about":[{"href":"https:\/\/www.radioamigavallenar.cl\/index.php?rest_route=\/wp\/v2\/types\/post"}],"author":[{"embeddable":true,"href":"https:\/\/www.radioamigavallenar.cl\/index.php?rest_route=\/wp\/v2\/users\/2"}],"replies":[{"embeddable":true,"href":"https:\/\/www.radioamigavallenar.cl\/index.php?rest_route=%2Fwp%2Fv2%2Fcomments&post=18510"}],"version-history":[{"count":0,"href":"https:\/\/www.radioamigavallenar.cl\/index.php?rest_route=\/wp\/v2\/posts\/18510\/revisions"}],"wp:featuredmedia":[{"embeddable":true,"href":"https:\/\/www.radioamigavallenar.cl\/index.php?rest_route=\/wp\/v2\/media\/18511"}],"wp:attachment":[{"href":"https:\/\/www.radioamigavallenar.cl\/index.php?rest_route=%2Fwp%2Fv2%2Fmedia&parent=18510"}],"wp:term":[{"taxonomy":"category","embeddable":true,"href":"https:\/\/www.radioamigavallenar.cl\/index.php?rest_route=%2Fwp%2Fv2%2Fcategories&post=18510"},{"taxonomy":"post_tag","embeddable":true,"href":"https:\/\/www.radioamigavallenar.cl\/index.php?rest_route=%2Fwp%2Fv2%2Ftags&post=18510"}],"curies":[{"name":"wp","href":"https:\/\/api.w.org\/{rel}","templated":true}]}}