{"id":18507,"date":"2019-11-25T00:00:00","date_gmt":"2019-11-25T03:00:00","guid":{"rendered":"https:\/\/www.radioamigavallenar.cl\/?p=18507"},"modified":"2019-11-24T22:44:29","modified_gmt":"2019-11-25T01:44:29","slug":"pymes-de-vallenar-mantienen-firme-esperanza-de-repuntar","status":"publish","type":"post","link":"https:\/\/www.radioamigavallenar.cl\/?p=18507","title":{"rendered":"Pymes de Vallenar mantienen firme esperanza de repuntar"},"content":{"rendered":"\n<figure class=\"wp-block-image size-large\"><img loading=\"lazy\" decoding=\"async\" width=\"800\" height=\"533\" src=\"https:\/\/www.radioamigavallenar.cl\/wp-content\/uploads\/2019\/11\/seremi-4-800x533.jpg\" alt=\"\" class=\"wp-image-18508\" srcset=\"https:\/\/www.radioamigavallenar.cl\/wp-content\/uploads\/2019\/11\/seremi-4-800x533.jpg 800w, https:\/\/www.radioamigavallenar.cl\/wp-content\/uploads\/2019\/11\/seremi-4-800x533-300x200.jpg 300w, https:\/\/www.radioamigavallenar.cl\/wp-content\/uploads\/2019\/11\/seremi-4-800x533-768x512.jpg 768w\" sizes=\"auto, (max-width: 800px) 100vw, 800px\" \/><\/figure>\n\n\n\n<p>Con el objetivo de conocer su estado actual de ventas y rentabilidad, en el marco de la contingencia social, la Secretaria Regional Ministerial de Gobierno, Mar\u00eda Francisca Plaza Velis, visit\u00f3 a peque\u00f1as y micro empresas en la capital de la provincia de Huasco.<\/p>\n\n\n\n<p>La autoridad dialog\u00f3 con microempresarios y les inform\u00f3 que el Gobierno esta apoyando de manera concreta a las Pymes que fueron afecatadas con hechos de violencia durante las manifestaciones. Adem\u00e1s, ascever\u00f3 que las autoridades las estan visitando para que la comunidad se acerce, las prefieran y conozcan el esfuerzo y relevancia que tienen en la econom\u00eda regional.<\/p>\n\n\n\n<p>En este marco, la Seremi de Gobierno argument\u00f3 que \u00abefectivamente queremos que las Pyme se levanten, produzcan y generen ingresos con sus productos y servicios, ya que tal como lo ha dicho nuestro Presidente Sebasti\u00e1n Pi\u00f1era, son el motor y las principales generadoras de empleo de nuestro pa\u00eds. Hemos visitado diferentes Pymes en Vallenar y en particular, tanto la tradicional tienda Machupichu y la tienda Articulos Godoy, nos han expresado su agradecimiento por visitarlas y por tener la firme intenci\u00f3n de dar a conocer sus ofertas e historia\u00bb.<\/p>\n\n\n\n<p>\u00abHemos canalizado informaci\u00f3n y se la entregaremos al Servicio de Cooperaci\u00f3n T\u00e9cnica para que el equipo regional les pueda informar de la oferta en programas que dispone que Gobierno para apoyarlos durante el a\u00f1o 2020. Esperamos que sigan con esa fuerza y esperanza, porque todos estamos trabajando para hacer de Chile un territorio mas desaarrollado, suztentable, justo, equitativo e integral. El llamado es a comprar y apoyar a las Pymes de Vallenar, por cierto de la regi\u00f3n\u00bb.<\/p>\n\n\n\n<p>Por su parte, Francisco Arellano, propietario de la tradicional tienda Machupichu de Vallenar sostuvo que la presencia de la Seremi \u00abes muy buena para nosotros porque nos ha ayuda a traer mas clientes. A pesar que hay paro, a nosotros no nos para nadie. Debemos manternos fuertes y seguir trabajando\u00bb.<\/p>\n\n\n\n<p>La Tienda Machupichi es ideal para aquellos que buscan regalos en navidad. Aqu\u00ed encuentra correas a $3.000, accesorios para celulares desde los $2.000, lentes de sol de $2.500, billeteras, esmaltes de u\u00f1as a $1.000 y una gran variedad de juguetes muy econ\u00f3micos. Esta ubicada en Calle ramirez 1031, Vallenar. La historia de este emprendedor es de constancia, perseverancia y mucho esfuerzo. Su \u00e9xito se debe al trato con sus clientes, ya que siempre es cordial, atento y respetuoso.<\/p>\n\n\n\n<p>Para concluir, la microempresaria Paolo Godoy, propietaria de la reconocida tienda Articulos Godoy declar\u00f3 que \u00abme encant\u00f3 la visita porque nadie me hab\u00eda visitado. As\u00ed nos conocen m\u00e1s y uno vende mas su producto. Ha bajado la clientela pero yo sigo trabajando a pesar de las marchas. Que los ni\u00f1os no vayan al colegio nos afecta porque los papas siempre compran cuando los retiran\u00bb.<\/p>\n\n\n\n<p>Articulos Godoy posee una gran variedad de pl\u00e1sticos y cartonaje (bandejas para almuerzos y colaciones), adem\u00e1s de articulos de reposter\u00eda ideal para las fiestas que se aproximan y a precios muy econ\u00f3micos. Son productos muy necesarios para todos tipo de hogar. Ac\u00e1 encontrar\u00e1 tambi\u00e9n maizena, a $1.300 el kilo y con una calidad incomparable. Godoy es una familia de la provincia de Huasco, muy querida por la comunidad. Su amabilidad y perseverancia los han hecho creadores de este espacio muy cercano con la gente y con productos y servicios de alta calidad, credibilidad y amable con el bolsillo.<\/p>\n","protected":false},"excerpt":{"rendered":"<p>Con el objetivo de conocer su estado actual de ventas y rentabilidad, en el marco de la contingencia social, la Secretaria Regional Ministerial de Gobierno,&hellip; <\/p>\n","protected":false},"author":2,"featured_media":18508,"comment_status":"open","ping_status":"closed","sticky":false,"template":"","format":"standard","meta":{"footnotes":""},"categories":[7,1,2],"tags":[],"class_list":["post-18507","post","type-post","status-publish","format-standard","has-post-thumbnail","hentry","category-atacama","category-provincia-del-huasco-2","category-vallenar"],"_links":{"self":[{"href":"https:\/\/www.radioamigavallenar.cl\/index.php?rest_route=\/wp\/v2\/posts\/18507","targetHints":{"allow":["GET"]}}],"collection":[{"href":"https:\/\/www.radioamigavallenar.cl\/index.php?rest_route=\/wp\/v2\/posts"}],"about":[{"href":"https:\/\/www.radioamigavallenar.cl\/index.php?rest_route=\/wp\/v2\/types\/post"}],"author":[{"embeddable":true,"href":"https:\/\/www.radioamigavallenar.cl\/index.php?rest_route=\/wp\/v2\/users\/2"}],"replies":[{"embeddable":true,"href":"https:\/\/www.radioamigavallenar.cl\/index.php?rest_route=%2Fwp%2Fv2%2Fcomments&post=18507"}],"version-history":[{"count":0,"href":"https:\/\/www.radioamigavallenar.cl\/index.php?rest_route=\/wp\/v2\/posts\/18507\/revisions"}],"wp:featuredmedia":[{"embeddable":true,"href":"https:\/\/www.radioamigavallenar.cl\/index.php?rest_route=\/wp\/v2\/media\/18508"}],"wp:attachment":[{"href":"https:\/\/www.radioamigavallenar.cl\/index.php?rest_route=%2Fwp%2Fv2%2Fmedia&parent=18507"}],"wp:term":[{"taxonomy":"category","embeddable":true,"href":"https:\/\/www.radioamigavallenar.cl\/index.php?rest_route=%2Fwp%2Fv2%2Fcategories&post=18507"},{"taxonomy":"post_tag","embeddable":true,"href":"https:\/\/www.radioamigavallenar.cl\/index.php?rest_route=%2Fwp%2Fv2%2Ftags&post=18507"}],"curies":[{"name":"wp","href":"https:\/\/api.w.org\/{rel}","templated":true}]}}