{"id":18504,"date":"2019-11-25T00:00:00","date_gmt":"2019-11-25T03:00:00","guid":{"rendered":"https:\/\/www.radioamigavallenar.cl\/?p=18504"},"modified":"2019-11-24T22:44:59","modified_gmt":"2019-11-25T01:44:59","slug":"sonami-dialoga-con-ministro-prokurica-sobre-efectos-de-la-coyuntura-social-en-la-mineria","status":"publish","type":"post","link":"https:\/\/www.radioamigavallenar.cl\/?p=18504","title":{"rendered":"Sonami dialoga con ministro Prokurica sobre efectos de la coyuntura social en la miner\u00eda"},"content":{"rendered":"\n<figure class=\"wp-block-image size-large\"><img loading=\"lazy\" decoding=\"async\" width=\"700\" height=\"466\" src=\"https:\/\/www.radioamigavallenar.cl\/wp-content\/uploads\/2019\/11\/Sonami-prokurica.jpg\" alt=\"\" class=\"wp-image-18505\" srcset=\"https:\/\/www.radioamigavallenar.cl\/wp-content\/uploads\/2019\/11\/Sonami-prokurica.jpg 700w, https:\/\/www.radioamigavallenar.cl\/wp-content\/uploads\/2019\/11\/Sonami-prokurica-300x200.jpg 300w\" sizes=\"auto, (max-width: 700px) 100vw, 700px\" \/><\/figure>\n\n\n\n<p>Diego Hern\u00e1ndez, presidente de la gremial, se\u00f1al\u00f3 que \u201cla industria minera no ha estado ajena a la convulsi\u00f3n social, ya que la ha sentido muy de cerca con movilizaciones que han paralizado en parte los procesos productivos\u201d.<\/p>\n\n\n\n<p>El ministro de Miner\u00eda, Baldo Prokurica, se reuni\u00f3 con los consejeros de las Asociaciones Mineras en el Preconsejo de Sonami, instancia que convoca a los representantes de la peque\u00f1a miner\u00eda para analizar sus principales inquietudes.<\/p>\n\n\n\n<p>La autoridad lleg\u00f3 a la reuni\u00f3n, liderada por el presidente de Sonami, Diego Hern\u00e1ndez y el vicepresidente Francisco Araya, con el vicepresidente ejecutivo de Enami, Robert Mayne-Nicholls; el subdirector de Sernageomin, Pablo Rivas, y el seremi de Miner\u00eda de la Regi\u00f3n Metropolitana, Patricio Vald\u00e9s, entre otras autoridades y asesores.<\/p>\n\n\n\n<p>En la instancia, el ministro Prokurica asever\u00f3 que \u201cseguimos trabajando con fuerza en iniciativas concretas, como por ejemplo la reactivaci\u00f3n de los proyectos mineros o una mayor entrega de recursos a los peque\u00f1os productores, no debemos perder de vista que la miner\u00eda es nuestra principal actividad productiva\u201d.<\/p>\n\n\n\n<p>En su exposici\u00f3n, el secretario de Estado destac\u00f3 que, no obstante la ca\u00edda en el precio del cobre, \u201ca septiembre de 2019 el n\u00famero de peque\u00f1os productores que entregaron mineral a Enami alcanz\u00f3 a los 715, es decir, aument\u00f3 un 4% respecto a igual periodo del a\u00f1o anterior\u201d.<\/p>\n\n\n\n<p>Por su parte, el presidente de Sonami, Diego Hern\u00e1ndez, al analizar la coyuntura, se\u00f1al\u00f3 que \u201cla industria minera no ha estado ajena a la convulsi\u00f3n social, ya que la ha sentido muy de cerca con movilizaciones que han paralizado en parte los procesos productivos; tambi\u00e9n con algunos intentos de impedir el abastecimiento de los poderes de compra de Enami y ataques a las oficinas de esta empresa en Copiap\u00f3\u201d.<\/p>\n","protected":false},"excerpt":{"rendered":"<p>Diego Hern\u00e1ndez, presidente de la gremial, se\u00f1al\u00f3 que \u201cla industria minera no ha estado ajena a la convulsi\u00f3n social, ya que la ha sentido muy&hellip; <\/p>\n","protected":false},"author":2,"featured_media":18505,"comment_status":"open","ping_status":"closed","sticky":false,"template":"","format":"standard","meta":{"footnotes":""},"categories":[7,34,37],"tags":[],"class_list":["post-18504","post","type-post","status-publish","format-standard","has-post-thumbnail","hentry","category-atacama","category-mineria","category-nacional"],"_links":{"self":[{"href":"https:\/\/www.radioamigavallenar.cl\/index.php?rest_route=\/wp\/v2\/posts\/18504","targetHints":{"allow":["GET"]}}],"collection":[{"href":"https:\/\/www.radioamigavallenar.cl\/index.php?rest_route=\/wp\/v2\/posts"}],"about":[{"href":"https:\/\/www.radioamigavallenar.cl\/index.php?rest_route=\/wp\/v2\/types\/post"}],"author":[{"embeddable":true,"href":"https:\/\/www.radioamigavallenar.cl\/index.php?rest_route=\/wp\/v2\/users\/2"}],"replies":[{"embeddable":true,"href":"https:\/\/www.radioamigavallenar.cl\/index.php?rest_route=%2Fwp%2Fv2%2Fcomments&post=18504"}],"version-history":[{"count":0,"href":"https:\/\/www.radioamigavallenar.cl\/index.php?rest_route=\/wp\/v2\/posts\/18504\/revisions"}],"wp:featuredmedia":[{"embeddable":true,"href":"https:\/\/www.radioamigavallenar.cl\/index.php?rest_route=\/wp\/v2\/media\/18505"}],"wp:attachment":[{"href":"https:\/\/www.radioamigavallenar.cl\/index.php?rest_route=%2Fwp%2Fv2%2Fmedia&parent=18504"}],"wp:term":[{"taxonomy":"category","embeddable":true,"href":"https:\/\/www.radioamigavallenar.cl\/index.php?rest_route=%2Fwp%2Fv2%2Fcategories&post=18504"},{"taxonomy":"post_tag","embeddable":true,"href":"https:\/\/www.radioamigavallenar.cl\/index.php?rest_route=%2Fwp%2Fv2%2Ftags&post=18504"}],"curies":[{"name":"wp","href":"https:\/\/api.w.org\/{rel}","templated":true}]}}