{"id":18501,"date":"2019-11-25T00:00:00","date_gmt":"2019-11-25T03:00:00","guid":{"rendered":"https:\/\/www.radioamigavallenar.cl\/?p=18501"},"modified":"2019-11-24T22:40:44","modified_gmt":"2019-11-25T01:40:44","slug":"diputada-sofia-cid-hemos-solicitado-evaluar-la-eliminacion-del-impuesto-especifico-a-los-combustibles","status":"publish","type":"post","link":"https:\/\/www.radioamigavallenar.cl\/?p=18501","title":{"rendered":"Diputada Sofia Cid: \u201cHemos solicitado evaluar la eliminaci\u00f3n del Impuesto Espec\u00edfico a los combustibles\u201d"},"content":{"rendered":"\n<figure class=\"wp-block-image size-large\"><img loading=\"lazy\" decoding=\"async\" width=\"1024\" height=\"683\" src=\"https:\/\/www.radioamigavallenar.cl\/wp-content\/uploads\/2019\/11\/BENCINAS_FERNANDO-1024x683.jpg\" alt=\"\" class=\"wp-image-18502\" srcset=\"https:\/\/www.radioamigavallenar.cl\/wp-content\/uploads\/2019\/11\/BENCINAS_FERNANDO-1024x683.jpg 1024w, https:\/\/www.radioamigavallenar.cl\/wp-content\/uploads\/2019\/11\/BENCINAS_FERNANDO-300x200.jpg 300w, https:\/\/www.radioamigavallenar.cl\/wp-content\/uploads\/2019\/11\/BENCINAS_FERNANDO-768x512.jpg 768w, https:\/\/www.radioamigavallenar.cl\/wp-content\/uploads\/2019\/11\/BENCINAS_FERNANDO-1536x1024.jpg 1536w, https:\/\/www.radioamigavallenar.cl\/wp-content\/uploads\/2019\/11\/BENCINAS_FERNANDO-2048x1365.jpg 2048w\" sizes=\"auto, (max-width: 1024px) 100vw, 1024px\" \/><\/figure>\n\n\n\n<p>De manera permanente, la Diputada Sof\u00eda Cid Versalovic ha estado complementando su labor legislativa en la C\u00e1mara, con el despacho de una serie de Oficios hacia el Ejecutivo con la intenci\u00f3n de seguir aportando a mejorar la calidad de vida de los habitantes de Atacama y el pa\u00eds.<\/p>\n\n\n\n<p>Dado su conocimiento en temas de econom\u00eda, es que la legisladora se refiri\u00f3 a una situaci\u00f3n que afecta a muchas personas y pymes a nivel nacional, relativa al Impuesto Espec\u00edfico.<\/p>\n\n\n\n<p>\u201cEste Impuesto Espec\u00edfico es mucho m\u00e1s antiguo de lo que las personas creen, ya que se estableci\u00f3 en 1947, por medio del art\u00edculo 26 de la ley N\u00b08.918, con la diferencia que los ingresos percibidos en esa \u00e9poca iban de manera directa a las Rentas Generales de la Naci\u00f3n. Luego hubo una modificaci\u00f3n en 1957 y posteriormente, en 1986, luego del terremoto del a\u00f1o anterior, se vuelve a modificar, esta vez dirigido a mejorar el dise\u00f1o de la forma de recaudaci\u00f3n del impuesto, ya que las variaciones lo hac\u00edan ser muy variable y se requer\u00eda de un ingreso m\u00e1s estable para apoyar la reconstrucci\u00f3n \u201d, record\u00f3 Cid Versalovic.<\/p>\n\n\n\n<p>\u201cEste impuesto ha estado presente en las \u00faltimas d\u00e9cadas, y donde la gran mayor\u00eda de los chilenos hemos aportado de manera importante, pero lleg\u00f3 el momento de poder cambiar dicha situaci\u00f3n, y para eso se requiere de buscar la mejor manera de optimizar los recursos del Estado, que no son infinitos, de tal manera de que el dejar sin efecto dicho impuesto va a ir en ayuda directa de una cantidad considerable de personas, emprendimientos y peque\u00f1as y medianas empresas. Y como es l\u00f3gico, al existir una mayor holgura tributaria, se van a generar ingresos, se dinamizan las econom\u00edas locales en regiones, apuntando a crear empleos, inversiones a nivel de pymes, entre otros beneficios\u201d, dijo la Diputada.<\/p>\n\n\n\n<p>En t\u00e9rminos pr\u00e1cticos, la Diputada RN por Atacama solicit\u00f3 v\u00eda oficio al Ministro de Hacienda, Ignacio Briones, realizar una evaluaci\u00f3n de la eliminaci\u00f3n del Impuesto Espec\u00edfico a los combustibles, o en su defecto, la reducci\u00f3n de la tasa.<\/p>\n\n\n\n<p>\u201cEn esta misma solicitud, le he pedido al Ministro Briones que se eval\u00fae el r\u00e9gimen de excepciones vigentes, en conjunto con otras medidas para compensar una menor recaudaci\u00f3n, en caso que se lleve a efecto una eliminaci\u00f3n o reducci\u00f3n&nbsp; de la tasa del impuesto\u201d mencion\u00f3 Sof\u00eda Cid.<\/p>\n\n\n\n<p>\u201cLo que queremos es que nuestro pa\u00eds requiere de un alivio en el costo de la vida, de todos los chilenos y chilenas, tanto en las personas naturales, como de quienes trabajan como&nbsp; transportista, locomoci\u00f3n colectiva y Pymes, en Atacama y Chile\u201d, finaliz\u00f3 Cid.<\/p>\n","protected":false},"excerpt":{"rendered":"<p>De manera permanente, la Diputada Sof\u00eda Cid Versalovic ha estado complementando su labor legislativa en la C\u00e1mara, con el despacho de una serie de Oficios&hellip; <\/p>\n","protected":false},"author":2,"featured_media":18502,"comment_status":"open","ping_status":"closed","sticky":false,"template":"","format":"standard","meta":{"footnotes":""},"categories":[7,37],"tags":[],"class_list":["post-18501","post","type-post","status-publish","format-standard","has-post-thumbnail","hentry","category-atacama","category-nacional"],"_links":{"self":[{"href":"https:\/\/www.radioamigavallenar.cl\/index.php?rest_route=\/wp\/v2\/posts\/18501","targetHints":{"allow":["GET"]}}],"collection":[{"href":"https:\/\/www.radioamigavallenar.cl\/index.php?rest_route=\/wp\/v2\/posts"}],"about":[{"href":"https:\/\/www.radioamigavallenar.cl\/index.php?rest_route=\/wp\/v2\/types\/post"}],"author":[{"embeddable":true,"href":"https:\/\/www.radioamigavallenar.cl\/index.php?rest_route=\/wp\/v2\/users\/2"}],"replies":[{"embeddable":true,"href":"https:\/\/www.radioamigavallenar.cl\/index.php?rest_route=%2Fwp%2Fv2%2Fcomments&post=18501"}],"version-history":[{"count":0,"href":"https:\/\/www.radioamigavallenar.cl\/index.php?rest_route=\/wp\/v2\/posts\/18501\/revisions"}],"wp:featuredmedia":[{"embeddable":true,"href":"https:\/\/www.radioamigavallenar.cl\/index.php?rest_route=\/wp\/v2\/media\/18502"}],"wp:attachment":[{"href":"https:\/\/www.radioamigavallenar.cl\/index.php?rest_route=%2Fwp%2Fv2%2Fmedia&parent=18501"}],"wp:term":[{"taxonomy":"category","embeddable":true,"href":"https:\/\/www.radioamigavallenar.cl\/index.php?rest_route=%2Fwp%2Fv2%2Fcategories&post=18501"},{"taxonomy":"post_tag","embeddable":true,"href":"https:\/\/www.radioamigavallenar.cl\/index.php?rest_route=%2Fwp%2Fv2%2Ftags&post=18501"}],"curies":[{"name":"wp","href":"https:\/\/api.w.org\/{rel}","templated":true}]}}