{"id":18498,"date":"2019-11-25T00:00:00","date_gmt":"2019-11-25T03:00:00","guid":{"rendered":"https:\/\/www.radioamigavallenar.cl\/?p=18498"},"modified":"2019-11-24T22:38:58","modified_gmt":"2019-11-25T01:38:58","slug":"gobierno-negocia-para-seguir-reduciendo-impacto-tarifario-de-desaladora-en-copiapo","status":"publish","type":"post","link":"https:\/\/www.radioamigavallenar.cl\/?p=18498","title":{"rendered":"Gobierno negocia para seguir reduciendo impacto tarifario de desaladora en Copiap\u00f3"},"content":{"rendered":"\n<figure class=\"wp-block-image size-large\"><img loading=\"lazy\" decoding=\"async\" width=\"750\" height=\"400\" src=\"https:\/\/www.radioamigavallenar.cl\/wp-content\/uploads\/2019\/11\/desa-ok.jpg\" alt=\"\" class=\"wp-image-18499\" srcset=\"https:\/\/www.radioamigavallenar.cl\/wp-content\/uploads\/2019\/11\/desa-ok.jpg 750w, https:\/\/www.radioamigavallenar.cl\/wp-content\/uploads\/2019\/11\/desa-ok-300x160.jpg 300w\" sizes=\"auto, (max-width: 750px) 100vw, 750px\" \/><\/figure>\n\n\n\n<p>Seg\u00fan el Superintendente Jorge Rivas, esa instalaci\u00f3n -que dar\u00e1 seguridad de suministro a una zona muy impactada por la sequ\u00eda- generaba un aumento en la tarifa de 40%, pero los esfuerzos del Estado ya lograron reducir ese nivel a solo 15%. Y hoy se sigue trabajando en alternativas que reduzcan todav\u00eda m\u00e1s ese incremento.<\/p>\n\n\n\n<p>&nbsp;El superintendente (S) de Servicios Sanitarios, Jorge Rivas inform\u00f3 que a petici\u00f3n de las autoridades se sigue explorando alternativas de financiamiento de los costos de operaci\u00f3n de la planta desaladora de Atacama, para reducir el impacto tarifario que asciende a 15% de acuerdo a la estimaci\u00f3n inicial tras concluir el proceso tarifario con Aguas Cha\u00f1ar, un nivel que -no obstante- habr\u00eda llegado al 40% de no haberse contado con el financiamiento total de la planta a trav\u00e9s de recursos p\u00fablicos.<\/p>\n\n\n\n<p>La planta desaladora de agua de mar de Atacama, que el Estado concibi\u00f3 para mitigar el efecto de la extendida sequ\u00eda en dicha Regi\u00f3n de la zona norte del pa\u00eds, servir\u00e1 para atender el consumo humano cumpliendo con las normas de calidad, permitiendo cubrir la demanda por el suministro de m\u00e1s de 220 mil personas de las comunas de Cha\u00f1aral, Caldera, Copiap\u00f3 y Tierra Amarilla, donde hoy existe un agotamiento y deterioro de los acu\u00edferos y una consecuente crisis h\u00eddrica.<\/p>\n\n\n\n<p>El superintendente (S) de Servicios Sanitarios, Jorge Rivas inform\u00f3 que inicialmente la entrada en operaci\u00f3n de la desaladora en la comuna de Caldera, implicaba un aumento de 40% en las tarifas. Esta cifra disminuy\u00f3 tras el resultado del \u00faltimo proceso tarifario consiguiendo que tan solo se incluyera en las tarifas los costos de operaci\u00f3n y mantenimiento de la desaladora. El titular de la SISS precis\u00f3 que, no obstante, \u201cnos encontramos explorando alternativas de financiamiento para reducir a\u00fan m\u00e1s ese 15,&nbsp; y para ello tenemos un a\u00f1o de an\u00e1lisis, dado que la nueva planta desaladora se estima comenzar\u00e1 a operar a fines de 2020 o inicios de 2021\u201d, indic\u00f3.<\/p>\n\n\n\n<p>El titular de la SISS destac\u00f3 que la entrada en operaci\u00f3n de la planta desaladora permitir\u00e1 mejorar la calidad del agua potable del 70% de la poblaci\u00f3n de la Regi\u00f3n de Atacama, abasteciendo a la comunidad con un producto de acuerdo a los requisitos vigentes, con todos los par\u00e1metros medidos por la Norma Chilena NCh 409 en regla, lo que va en directo beneficio de la salud y de la calidad de vida de las familias que residen en la zona.<\/p>\n\n\n\n<p>En este sentido, el superintendente (S) Rivas hizo notar que la calidad del agua se controla a trav\u00e9s de un procedimiento de muchos muestreos f\u00edsicos, qu\u00edmicos y bacteriol\u00f3gicos, los cuales son fiscalizados en forma permanente por la SISS, \u201cen consecuencia los vecinos podr\u00e1n con toda seguridad tomar agua directamente de la llave y con ello generar un importante ahorro en su presupuesto al sustituir la compra de agua embotellada por agua de la llave\u201d, se\u00f1al\u00f3.<\/p>\n\n\n\n<p>Adem\u00e1s, precis\u00f3, con la puesta en marcha de la desaladora, se puede asegurar el suministro de agua potable a la poblaci\u00f3n, en tiempos de escasez h\u00eddrica, como la que se est\u00e1 enfrentando actualmente. De esta manera, la Regi\u00f3n de Atacama tendr\u00e1 un cumplimiento absoluto de las normas de calidad del agua gracias a las obras que se est\u00e1n llevando a cabo, marcando un hito y saldando una deuda que se ten\u00eda con los habitantes de la Regi\u00f3n.<\/p>\n\n\n\n<p>Cabe se\u00f1alar que la planta, cuyo costo de construcci\u00f3n es de m\u00e1s de US$ 110 millones, es financiada por el Estado a trav\u00e9s de la Empresa Concesionaria de Servicios Sanitarios (ECONSSA), due\u00f1a de la concesi\u00f3n que es explotada por&nbsp; Aguas Cha\u00f1ar. Dichos recursos fueron \u00edntegramente aportados por el Fisco, precisamente para evitar que el costo fuera a recargar las cuentas de los clientes.<\/p>\n","protected":false},"excerpt":{"rendered":"<p>Seg\u00fan el Superintendente Jorge Rivas, esa instalaci\u00f3n -que dar\u00e1 seguridad de suministro a una zona muy impactada por la sequ\u00eda- generaba un aumento en la&hellip; <\/p>\n","protected":false},"author":2,"featured_media":18499,"comment_status":"open","ping_status":"closed","sticky":false,"template":"","format":"standard","meta":{"footnotes":""},"categories":[7],"tags":[],"class_list":["post-18498","post","type-post","status-publish","format-standard","has-post-thumbnail","hentry","category-atacama"],"_links":{"self":[{"href":"https:\/\/www.radioamigavallenar.cl\/index.php?rest_route=\/wp\/v2\/posts\/18498","targetHints":{"allow":["GET"]}}],"collection":[{"href":"https:\/\/www.radioamigavallenar.cl\/index.php?rest_route=\/wp\/v2\/posts"}],"about":[{"href":"https:\/\/www.radioamigavallenar.cl\/index.php?rest_route=\/wp\/v2\/types\/post"}],"author":[{"embeddable":true,"href":"https:\/\/www.radioamigavallenar.cl\/index.php?rest_route=\/wp\/v2\/users\/2"}],"replies":[{"embeddable":true,"href":"https:\/\/www.radioamigavallenar.cl\/index.php?rest_route=%2Fwp%2Fv2%2Fcomments&post=18498"}],"version-history":[{"count":0,"href":"https:\/\/www.radioamigavallenar.cl\/index.php?rest_route=\/wp\/v2\/posts\/18498\/revisions"}],"wp:featuredmedia":[{"embeddable":true,"href":"https:\/\/www.radioamigavallenar.cl\/index.php?rest_route=\/wp\/v2\/media\/18499"}],"wp:attachment":[{"href":"https:\/\/www.radioamigavallenar.cl\/index.php?rest_route=%2Fwp%2Fv2%2Fmedia&parent=18498"}],"wp:term":[{"taxonomy":"category","embeddable":true,"href":"https:\/\/www.radioamigavallenar.cl\/index.php?rest_route=%2Fwp%2Fv2%2Fcategories&post=18498"},{"taxonomy":"post_tag","embeddable":true,"href":"https:\/\/www.radioamigavallenar.cl\/index.php?rest_route=%2Fwp%2Fv2%2Ftags&post=18498"}],"curies":[{"name":"wp","href":"https:\/\/api.w.org\/{rel}","templated":true}]}}