{"id":18495,"date":"2019-11-25T00:00:00","date_gmt":"2019-11-25T03:00:00","guid":{"rendered":"https:\/\/www.radioamigavallenar.cl\/?p=18495"},"modified":"2019-11-24T22:37:44","modified_gmt":"2019-11-25T01:37:44","slug":"atacama-gobierno-amplia-plan-para-bajar-los-precios-de-medicamentos","status":"publish","type":"post","link":"https:\/\/www.radioamigavallenar.cl\/?p=18495","title":{"rendered":"Atacama: Gobierno ampl\u00eda plan para bajar los precios de medicamentos"},"content":{"rendered":"\n<figure class=\"wp-block-image size-large\"><img loading=\"lazy\" decoding=\"async\" width=\"750\" height=\"400\" src=\"https:\/\/www.radioamigavallenar.cl\/wp-content\/uploads\/2019\/11\/trq.jpg\" alt=\"\" class=\"wp-image-18496\" srcset=\"https:\/\/www.radioamigavallenar.cl\/wp-content\/uploads\/2019\/11\/trq.jpg 750w, https:\/\/www.radioamigavallenar.cl\/wp-content\/uploads\/2019\/11\/trq-300x160.jpg 300w\" sizes=\"auto, (max-width: 750px) 100vw, 750px\" \/><\/figure>\n\n\n\n<p>Se trata, entre otras iniciativas, de un proyecto de ley que entrega a Cenabast todas las facultades para fijar el precio m\u00e1ximo de venta de los remedios.<\/p>\n\n\n\n<p>A inicios del mes de octubre, el Presidente Sebasti\u00e1n Pi\u00f1era present\u00f3 la Pol\u00edtica Nacional de Medicamentos, que busca que las personas puedan acceder a f\u00e1rmacos de calidad, a menores precios y con mayores facilidades, especialmente ante un envejecimiento de la poblaci\u00f3n y un r\u00e1pido aumento de las enfermedades cr\u00f3nicas.<\/p>\n\n\n\n<p>Las medidas consideran impulsar el uso de bioequivalentes, el fraccionamiento en la venta de productos, la entrega de remedios a domicilio y almacenes farmac\u00e9uticos en todo el pa\u00eds.<\/p>\n\n\n\n<p>Este jueves, se logr\u00f3 en el Senado un acuerdo de entendimiento para sumar diversas iniciativas que ampl\u00eden este plan de medicamentos. Al respecto, el Intendente de Atacama, Patricio Urquieta dijo que \u201cnosotros en el Gobierno queremos bajar el precio de los remedios, porque son muy caros y eso es lo tiene que cambiar. El Presidente adem\u00e1s est\u00e1 impulsando una mejora en el acceso a los remedios y que \u00e9stos tengan garant\u00edas de calidad.&nbsp; Y lo vamos a lograr con mucha unidad, y con sentido de urgencia, y este marco de entendimiento logrado en el senado es una muy buena se\u00f1al para avanzar en esos objetivos.&nbsp; Esto va a permitir que podamos ayudar a todas las personas que est\u00e1n sufriendo enfermedades, y sobre todo aquellas que son cr\u00f3nicas, y muy especialmente a los adultos mayores\u201d.<\/p>\n\n\n\n<p>El marco de entendimiento contempla la creaci\u00f3n de un registro digital en Cenabast, as\u00ed como una plataforma digital que permitir\u00e1 a personas la compra de medicamentos al precio Cenabast, y estos remedios ser\u00e1n despachados a domicilio a trav\u00e9s de un canal a determinar.<\/p>\n\n\n\n<p>Adem\u00e1s se buscar\u00e1 permitir la importaci\u00f3n de medicamentos a trav\u00e9s de pagos simplificados a personas naturales y jur\u00eddicas (Proyecto de ley actualmente en discusi\u00f3n) y se acord\u00f3 tramitar con suma urgencia el proyecto de ley f\u00e1rmacos II.<\/p>\n\n\n\n<p>Respecto a los costos de los medicamentos, la C\u00e1mara de Diputados aprob\u00f3 por unanimidad el proyecto de ley que entrega a Cenabast todas las facultades para intermediar medicamentos e insumos para todas personas naturales y jur\u00eddicas que las solicitan, fijando el m\u00e1ximo precio de venta al p\u00fablico. Y sobre el proyecto de ley de f\u00e1rmacos II (en proceso de aprobaci\u00f3n), introduce la figura del observatorio internacional de medicamentos, para de esta manera, se pueda fijar una banda referencial y de acuerdo a ello fijar precios m\u00e1ximos de medicamentos de alto costo.<\/p>\n","protected":false},"excerpt":{"rendered":"<p>Se trata, entre otras iniciativas, de un proyecto de ley que entrega a Cenabast todas las facultades para fijar el precio m\u00e1ximo de venta de&hellip; <\/p>\n","protected":false},"author":2,"featured_media":18496,"comment_status":"open","ping_status":"closed","sticky":false,"template":"","format":"standard","meta":{"footnotes":""},"categories":[7],"tags":[],"class_list":["post-18495","post","type-post","status-publish","format-standard","has-post-thumbnail","hentry","category-atacama"],"_links":{"self":[{"href":"https:\/\/www.radioamigavallenar.cl\/index.php?rest_route=\/wp\/v2\/posts\/18495","targetHints":{"allow":["GET"]}}],"collection":[{"href":"https:\/\/www.radioamigavallenar.cl\/index.php?rest_route=\/wp\/v2\/posts"}],"about":[{"href":"https:\/\/www.radioamigavallenar.cl\/index.php?rest_route=\/wp\/v2\/types\/post"}],"author":[{"embeddable":true,"href":"https:\/\/www.radioamigavallenar.cl\/index.php?rest_route=\/wp\/v2\/users\/2"}],"replies":[{"embeddable":true,"href":"https:\/\/www.radioamigavallenar.cl\/index.php?rest_route=%2Fwp%2Fv2%2Fcomments&post=18495"}],"version-history":[{"count":0,"href":"https:\/\/www.radioamigavallenar.cl\/index.php?rest_route=\/wp\/v2\/posts\/18495\/revisions"}],"wp:featuredmedia":[{"embeddable":true,"href":"https:\/\/www.radioamigavallenar.cl\/index.php?rest_route=\/wp\/v2\/media\/18496"}],"wp:attachment":[{"href":"https:\/\/www.radioamigavallenar.cl\/index.php?rest_route=%2Fwp%2Fv2%2Fmedia&parent=18495"}],"wp:term":[{"taxonomy":"category","embeddable":true,"href":"https:\/\/www.radioamigavallenar.cl\/index.php?rest_route=%2Fwp%2Fv2%2Fcategories&post=18495"},{"taxonomy":"post_tag","embeddable":true,"href":"https:\/\/www.radioamigavallenar.cl\/index.php?rest_route=%2Fwp%2Fv2%2Ftags&post=18495"}],"curies":[{"name":"wp","href":"https:\/\/api.w.org\/{rel}","templated":true}]}}