{"id":18492,"date":"2019-11-25T00:01:00","date_gmt":"2019-11-25T03:01:00","guid":{"rendered":"https:\/\/www.radioamigavallenar.cl\/?p=18492"},"modified":"2019-11-24T22:36:41","modified_gmt":"2019-11-25T01:36:41","slug":"junta-de-vecinos-de-vallenar-cierra-proyecto-del-fondo-de-proteccion-ambiental","status":"publish","type":"post","link":"https:\/\/www.radioamigavallenar.cl\/?p=18492","title":{"rendered":"Junta de Vecinos de Vallenar cierra proyecto del Fondo de Protecci\u00f3n Ambiental"},"content":{"rendered":"\n<figure class=\"wp-block-image size-large\"><img loading=\"lazy\" decoding=\"async\" width=\"750\" height=\"400\" src=\"https:\/\/www.radioamigavallenar.cl\/wp-content\/uploads\/2019\/11\/descargAR-OK.jpg\" alt=\"\" class=\"wp-image-18493\" srcset=\"https:\/\/www.radioamigavallenar.cl\/wp-content\/uploads\/2019\/11\/descargAR-OK.jpg 750w, https:\/\/www.radioamigavallenar.cl\/wp-content\/uploads\/2019\/11\/descargAR-OK-300x160.jpg 300w\" sizes=\"auto, (max-width: 750px) 100vw, 750px\" \/><\/figure>\n\n\n\n<p>Se trata de la Junta de Vecinos Uni\u00f3n y Progreso de la Poblaci\u00f3n Rafael Torreblanca de Vallenar, cuyo proyecto recicl\u00f3 y reutiliz\u00f3 los residuos s\u00f3lidos para transformarlos en una actividad productiva.<\/p>\n\n\n\n<p>Hasta la Junta de Vecinos Uni\u00f3n y Progreso de la Poblaci\u00f3n Rafael Torreblanca de Vallenar, lleg\u00f3 el Seremi del Medio Ambiente Guillermo Ready, para encabezar la ceremonia de cierre del Proyecto denominado \u201cMis Residuos, Mis Recursos: Reciclando Cuido Mi Barrio\u201d que consolid\u00f3 capacidades en los vecinos de la Poblaci\u00f3n Torreblanca, creando instancias de formaci\u00f3n en torno al reciclaje y la reducci\u00f3n de residuos, para transformarlos en una actividad productiva.<\/p>\n\n\n\n<p>En la ceremonia de cierre, la Presidenta de la Junta de Vecinos Uni\u00f3n y Progreso, Edith Ardiles Cort\u00e9s, manifest\u00f3 que \u201cpor segundo a\u00f1o consecutivo, trabajamos con proyectos financiados por el Fondo Ambiental de Protecci\u00f3n FPA, del Ministerio de Medio Ambiente. Este a\u00f1o se desarrollaron talleres en vidrio, tetrapack, pl\u00e1stico, en pallet, entre otros. Adem\u00e1s, se hicieron talleres de capacitaci\u00f3n de reciclaje, en los productos mencionados anteriormente, adem\u00e1s de educar a los participantes del taller. Adem\u00e1s, se realizaron capacitaciones hacia la comunidad. El proyecto tambi\u00e9n se enfoc\u00f3 en la recuperaci\u00f3n de microbasurales de su entorno, adem\u00e1s de educaci\u00f3n ambiental al resto de la comunidad en reciclaje y reutilizaci\u00f3n de residuos s\u00f3lidos\u201d.<\/p>\n\n\n\n<p>En tanto, el Seremi del Medio Ambiente, Guillermo Ready, se mostr\u00f3 sorprendido con la calidad y creatividad desplegada en la confecci\u00f3n de las manualidades y trabajos, utilizando el reciclaje para hacer una serie de trabajos con papeles, cartones, botellas, vidrios, pl\u00e1stico, entre otros elementos, y que fueron expuestos hacia la comunidad.<\/p>\n\n\n\n<p>En su discurso de cierre, el Seremi Ready felicit\u00f3 \u201ca la Junta de Vecinos Uni\u00f3n y Progreso por su inclaudicable compromiso con el medio ambiente, el cual se expresa en acciones concretas de reciclaje ejecutadas a trav\u00e9s del FPA. Es muy gratificante para nosotros como Seremi de Medio Ambiente constatar en terreno la motivaci\u00f3n de los miembros de esta Junta de Vecinos.<\/p>\n\n\n\n<p>El gobierno del Presidente Pi\u00f1era est\u00e1 comprometido a fondo con la construcci\u00f3n de una econom\u00eda circular y una educaci\u00f3n ambiental potente, objetivos para los cuales el FPA se constituye en herramienta esencial para las comunidades organizadas\u201d.<\/p>\n","protected":false},"excerpt":{"rendered":"<p>Se trata de la Junta de Vecinos Uni\u00f3n y Progreso de la Poblaci\u00f3n Rafael Torreblanca de Vallenar, cuyo proyecto recicl\u00f3 y reutiliz\u00f3 los residuos s\u00f3lidos&hellip; <\/p>\n","protected":false},"author":2,"featured_media":18493,"comment_status":"open","ping_status":"closed","sticky":false,"template":"","format":"standard","meta":{"footnotes":""},"categories":[1,2],"tags":[],"class_list":["post-18492","post","type-post","status-publish","format-standard","has-post-thumbnail","hentry","category-provincia-del-huasco-2","category-vallenar"],"_links":{"self":[{"href":"https:\/\/www.radioamigavallenar.cl\/index.php?rest_route=\/wp\/v2\/posts\/18492","targetHints":{"allow":["GET"]}}],"collection":[{"href":"https:\/\/www.radioamigavallenar.cl\/index.php?rest_route=\/wp\/v2\/posts"}],"about":[{"href":"https:\/\/www.radioamigavallenar.cl\/index.php?rest_route=\/wp\/v2\/types\/post"}],"author":[{"embeddable":true,"href":"https:\/\/www.radioamigavallenar.cl\/index.php?rest_route=\/wp\/v2\/users\/2"}],"replies":[{"embeddable":true,"href":"https:\/\/www.radioamigavallenar.cl\/index.php?rest_route=%2Fwp%2Fv2%2Fcomments&post=18492"}],"version-history":[{"count":0,"href":"https:\/\/www.radioamigavallenar.cl\/index.php?rest_route=\/wp\/v2\/posts\/18492\/revisions"}],"wp:featuredmedia":[{"embeddable":true,"href":"https:\/\/www.radioamigavallenar.cl\/index.php?rest_route=\/wp\/v2\/media\/18493"}],"wp:attachment":[{"href":"https:\/\/www.radioamigavallenar.cl\/index.php?rest_route=%2Fwp%2Fv2%2Fmedia&parent=18492"}],"wp:term":[{"taxonomy":"category","embeddable":true,"href":"https:\/\/www.radioamigavallenar.cl\/index.php?rest_route=%2Fwp%2Fv2%2Fcategories&post=18492"},{"taxonomy":"post_tag","embeddable":true,"href":"https:\/\/www.radioamigavallenar.cl\/index.php?rest_route=%2Fwp%2Fv2%2Ftags&post=18492"}],"curies":[{"name":"wp","href":"https:\/\/api.w.org\/{rel}","templated":true}]}}