{"id":18489,"date":"2019-11-23T11:24:52","date_gmt":"2019-11-23T14:24:52","guid":{"rendered":"https:\/\/www.radioamigavallenar.cl\/?p=18489"},"modified":"2019-11-23T11:24:53","modified_gmt":"2019-11-23T14:24:53","slug":"gremios-de-la-mesa-de-unidad-social-convocan-a-extenso-paro-nacional-desde-este-lunes-25","status":"publish","type":"post","link":"https:\/\/www.radioamigavallenar.cl\/?p=18489","title":{"rendered":"Gremios de la Mesa de Unidad Social convocan a extenso paro nacional desde este lunes 25"},"content":{"rendered":"\n<figure class=\"wp-block-image size-large\"><img loading=\"lazy\" decoding=\"async\" width=\"750\" height=\"400\" src=\"https:\/\/www.radioamigavallenar.cl\/wp-content\/uploads\/2019\/11\/a_uno_1129766-750x400.jpg\" alt=\"\" class=\"wp-image-18490\" srcset=\"https:\/\/www.radioamigavallenar.cl\/wp-content\/uploads\/2019\/11\/a_uno_1129766-750x400.jpg 750w, https:\/\/www.radioamigavallenar.cl\/wp-content\/uploads\/2019\/11\/a_uno_1129766-750x400-300x160.jpg 300w\" sizes=\"auto, (max-width: 750px) 100vw, 750px\" \/><\/figure>\n\n\n\n<p>Los gremios agrupados en la Mesa de Unidad Social decidieron llamar a un paro nacional escalonado a contar de la pr\u00f3xima semana, el cual iniciar\u00e1 el lunes 25 y terminar\u00e1 el mi\u00e9rcoles 27.<\/p>\n\n\n\n<p>Lo anterior, se\u00f1alan,\u00a0ante la falta de respuestas que han tenido respecto a su petitorio\u00a0y el rechazo transversal que existe en el bloque sobre el acuerdo que suscribieron varias fuerzas pol\u00edticas del Congreso con el Gobierno para un plebiscito sobre una nueva Constituci\u00f3n.<\/p>\n\n\n\n<p>En concreto,\u00a0los dos primeros d\u00edas de movilizaci\u00f3n estar\u00e1n centrados en la Uni\u00f3n Portuaria y algunos sindicatos del comercio. Mientras que a contar del martes 26 lo har\u00e1n el resto de las organizaciones que integran la mesa de Unidad Social.<\/p>\n\n\n\n<p>Durante el paro nacional, los gremios adem\u00e1s interpelar\u00e1n al Gobierno y los partidos pol\u00edticos a que garanticen la participaci\u00f3n efectiva del movimiento social en el proceso constituyente.<\/p>\n\n\n\n<p>El anuncio de esta nueva paralizaci\u00f3n nacional la entreg\u00f3 el presidente de la Agrupaci\u00f3n Nacional de Empleados Fiscales (ANEF), Jos\u00e9 P\u00e9rez.\u00a0\u201cNos ponemos a disposici\u00f3n, los movimientos sindicales en particular, para que Chile tambi\u00e9n se exprese mediante esta huelga productiva.\u00a0Vamos a estar trabajando en virtud de aquello\u201d, subray\u00f3.<\/p>\n\n\n\n<p>Desde la ANEF indicaron que este nuevo paro nacional busca presionar al Gobierno para que de respuesta al petitorio que elaboraron los gremios que integran la mesa Unidad Social.<\/p>\n\n\n\n<p>En sus demandas figura el<strong>\u00a0aumento de las pensiones, un salario m\u00ednimo de 500 mil pesos, canasta de servicios b\u00e1sicos protegidos,<\/strong> reducci\u00f3n de jornada laboral, establecer como derechos sociales la salud, la vivienda y la educaci\u00f3n, adem\u00e1s de una nueva Constituci\u00f3n por medio de una Asamblea Constituyente.<\/p>\n","protected":false},"excerpt":{"rendered":"<p>Los gremios agrupados en la Mesa de Unidad Social decidieron llamar a un paro nacional escalonado a contar de la pr\u00f3xima semana, el cual iniciar\u00e1&hellip; <\/p>\n","protected":false},"author":2,"featured_media":18490,"comment_status":"open","ping_status":"closed","sticky":false,"template":"","format":"standard","meta":{"footnotes":""},"categories":[7,37],"tags":[],"class_list":["post-18489","post","type-post","status-publish","format-standard","has-post-thumbnail","hentry","category-atacama","category-nacional"],"_links":{"self":[{"href":"https:\/\/www.radioamigavallenar.cl\/index.php?rest_route=\/wp\/v2\/posts\/18489","targetHints":{"allow":["GET"]}}],"collection":[{"href":"https:\/\/www.radioamigavallenar.cl\/index.php?rest_route=\/wp\/v2\/posts"}],"about":[{"href":"https:\/\/www.radioamigavallenar.cl\/index.php?rest_route=\/wp\/v2\/types\/post"}],"author":[{"embeddable":true,"href":"https:\/\/www.radioamigavallenar.cl\/index.php?rest_route=\/wp\/v2\/users\/2"}],"replies":[{"embeddable":true,"href":"https:\/\/www.radioamigavallenar.cl\/index.php?rest_route=%2Fwp%2Fv2%2Fcomments&post=18489"}],"version-history":[{"count":0,"href":"https:\/\/www.radioamigavallenar.cl\/index.php?rest_route=\/wp\/v2\/posts\/18489\/revisions"}],"wp:featuredmedia":[{"embeddable":true,"href":"https:\/\/www.radioamigavallenar.cl\/index.php?rest_route=\/wp\/v2\/media\/18490"}],"wp:attachment":[{"href":"https:\/\/www.radioamigavallenar.cl\/index.php?rest_route=%2Fwp%2Fv2%2Fmedia&parent=18489"}],"wp:term":[{"taxonomy":"category","embeddable":true,"href":"https:\/\/www.radioamigavallenar.cl\/index.php?rest_route=%2Fwp%2Fv2%2Fcategories&post=18489"},{"taxonomy":"post_tag","embeddable":true,"href":"https:\/\/www.radioamigavallenar.cl\/index.php?rest_route=%2Fwp%2Fv2%2Ftags&post=18489"}],"curies":[{"name":"wp","href":"https:\/\/api.w.org\/{rel}","templated":true}]}}