{"id":18486,"date":"2019-11-23T10:20:42","date_gmt":"2019-11-23T13:20:42","guid":{"rendered":"https:\/\/www.radioamigavallenar.cl\/?p=18486"},"modified":"2019-11-23T10:20:43","modified_gmt":"2019-11-23T13:20:43","slug":"luis-morales-subdere-de-atacama-su-rol-de-la-agenda-social","status":"publish","type":"post","link":"https:\/\/www.radioamigavallenar.cl\/?p=18486","title":{"rendered":"Luis Morales Subdere de Atacama su rol de la agenda social"},"content":{"rendered":"\n<figure class=\"wp-block-image size-large\"><img loading=\"lazy\" decoding=\"async\" width=\"830\" height=\"814\" src=\"https:\/\/www.radioamigavallenar.cl\/wp-content\/uploads\/2019\/11\/WhatsApp-Image-2019-11-22-at-18.37.24.jpeg\" alt=\"\" class=\"wp-image-18487\" srcset=\"https:\/\/www.radioamigavallenar.cl\/wp-content\/uploads\/2019\/11\/WhatsApp-Image-2019-11-22-at-18.37.24.jpeg 830w, https:\/\/www.radioamigavallenar.cl\/wp-content\/uploads\/2019\/11\/WhatsApp-Image-2019-11-22-at-18.37.24-300x294.jpeg 300w, https:\/\/www.radioamigavallenar.cl\/wp-content\/uploads\/2019\/11\/WhatsApp-Image-2019-11-22-at-18.37.24-768x753.jpeg 768w\" sizes=\"auto, (max-width: 830px) 100vw, 830px\" \/><\/figure>\n\n\n\n<p>Durante\nel \u00faltimo mes, los ciudadanos de Atacama se han expresado en b\u00fasqueda de\nmejoras sociales que permitan superar las brechas de inequidad incubadas por nuestra\nsociedad en los \u00faltimos 29 a\u00f1os de vida democr\u00e1tica. Las justas y compartidas\naspiraciones, han sido recogidas con humildad por el presidente Sebasti\u00e1n\nPi\u00f1era y el gobierno, el cual busca transformar este movimiento social en una\ngran oportunidad, y a trav\u00e9s de la participaci\u00f3n de los ciudadanos construir\nuna patria m\u00e1s justa y solidaria.<\/p>\n\n\n\n<p>En\neste nuevo escenario, la Subsecretar\u00eda de Desarrollo Regional (Subdere), est\u00e1\nenfocada por estos d\u00edas en colaborar y gestionar la reparaci\u00f3n de los da\u00f1os\nocasionados por disturbios en medio de las manifestaciones y en fortalecer el\nFondo Com\u00fan Municipal, que es parte de las medidas de la Nueva Agenda Social.\nSin descuidar, el fortalecimiento a la regionalizaci\u00f3n del pa\u00eds. <\/p>\n\n\n\n<p>A\nnivel local la primera medida fue hacer un levantamiento de infraestructura\np\u00fablica da\u00f1ada. Considerando sem\u00e1foros, c\u00e1maras de seguridad, luminarias, mobiliario\nurbano y edificaciones p\u00fablicas. Adem\u00e1s de coordinar las acciones para crear\nlos proyectos de reparaci\u00f3n con las seremias de vivienda, obras p\u00fablicas,\ntransporte, gobierno regional y los municipios de Atacama. Al d\u00eda de hoy, las\ncifras de da\u00f1os superan los mil millones de pesos y se ha definido un plan de\nreparaci\u00f3n que posee intervenciones a corto, mediano y largo plazo.<\/p>\n\n\n\n<p>En\nmateria del fortalecimiento del Fondo Com\u00fan Municipal, la Subdere se encuentra\nestudiando distintas f\u00f3rmulas que genere mayores aportes de las comunas de\nmayores ingresos, en beneficio de los municipios de menores ingresos. Con el objetivo\nde recaudar m\u00e1s recursos para el fondo, y de esta forma distribuir mejor los\ndineros para ayudar m\u00e1s a los municipios m\u00e1s vulnerables. Esta propuesta est\u00e1\nsiendo analizada con las asociaciones de municipalidades y con los\nparlamentarios ya que, debe ser gestionada v\u00eda un proyecto de ley.<\/p>\n\n\n\n<p>En\ncuanto a los procesos de regionalizaci\u00f3n que vive el pa\u00eds, actualmente la\nSubdere est\u00e1 trabajando en el traspaso de competencias, de planificaci\u00f3n y ordenamiento\nterritorial a los gobiernos regionales, profundizando la descentralizaci\u00f3n al\nentregar m\u00e1s competencias y capacidades a las regiones, para que sean \u00e9stas\nquienes lideren los procesos que demandan sus habitantes con acento en el foco\nsocial y modificar la asimetr\u00eda de &nbsp;inequidad presentes en nuestro territorio para\nas\u00ed alcanzar el bienestar de los habitantes de las 9 comunas.<\/p>\n","protected":false},"excerpt":{"rendered":"<p>Durante el \u00faltimo mes, los ciudadanos de Atacama se han expresado en b\u00fasqueda de mejoras sociales que permitan superar las brechas de inequidad incubadas por&hellip; <\/p>\n","protected":false},"author":2,"featured_media":18487,"comment_status":"open","ping_status":"closed","sticky":false,"template":"","format":"standard","meta":{"footnotes":""},"categories":[7],"tags":[],"class_list":["post-18486","post","type-post","status-publish","format-standard","has-post-thumbnail","hentry","category-atacama"],"_links":{"self":[{"href":"https:\/\/www.radioamigavallenar.cl\/index.php?rest_route=\/wp\/v2\/posts\/18486","targetHints":{"allow":["GET"]}}],"collection":[{"href":"https:\/\/www.radioamigavallenar.cl\/index.php?rest_route=\/wp\/v2\/posts"}],"about":[{"href":"https:\/\/www.radioamigavallenar.cl\/index.php?rest_route=\/wp\/v2\/types\/post"}],"author":[{"embeddable":true,"href":"https:\/\/www.radioamigavallenar.cl\/index.php?rest_route=\/wp\/v2\/users\/2"}],"replies":[{"embeddable":true,"href":"https:\/\/www.radioamigavallenar.cl\/index.php?rest_route=%2Fwp%2Fv2%2Fcomments&post=18486"}],"version-history":[{"count":0,"href":"https:\/\/www.radioamigavallenar.cl\/index.php?rest_route=\/wp\/v2\/posts\/18486\/revisions"}],"wp:featuredmedia":[{"embeddable":true,"href":"https:\/\/www.radioamigavallenar.cl\/index.php?rest_route=\/wp\/v2\/media\/18487"}],"wp:attachment":[{"href":"https:\/\/www.radioamigavallenar.cl\/index.php?rest_route=%2Fwp%2Fv2%2Fmedia&parent=18486"}],"wp:term":[{"taxonomy":"category","embeddable":true,"href":"https:\/\/www.radioamigavallenar.cl\/index.php?rest_route=%2Fwp%2Fv2%2Fcategories&post=18486"},{"taxonomy":"post_tag","embeddable":true,"href":"https:\/\/www.radioamigavallenar.cl\/index.php?rest_route=%2Fwp%2Fv2%2Ftags&post=18486"}],"curies":[{"name":"wp","href":"https:\/\/api.w.org\/{rel}","templated":true}]}}