{"id":18478,"date":"2019-11-23T10:00:51","date_gmt":"2019-11-23T13:00:51","guid":{"rendered":"https:\/\/www.radioamigavallenar.cl\/?p=18478"},"modified":"2019-11-23T10:00:52","modified_gmt":"2019-11-23T13:00:52","slug":"diputada-cid-dijo-que-realizara-gestiones-para-evitar-alza-del-15-del-precio-del-agua-potable","status":"publish","type":"post","link":"https:\/\/www.radioamigavallenar.cl\/?p=18478","title":{"rendered":"Diputada Cid dijo que realizar\u00e1 gestiones para evitar alza del 15% del precio del agua potable."},"content":{"rendered":"\n<figure class=\"wp-block-image size-large\"><img loading=\"lazy\" decoding=\"async\" width=\"1024\" height=\"682\" src=\"https:\/\/www.radioamigavallenar.cl\/wp-content\/uploads\/2019\/11\/sofia-cid-no-1024x682.jpeg\" alt=\"\" class=\"wp-image-18479\" srcset=\"https:\/\/www.radioamigavallenar.cl\/wp-content\/uploads\/2019\/11\/sofia-cid-no-1024x682.jpeg 1024w, https:\/\/www.radioamigavallenar.cl\/wp-content\/uploads\/2019\/11\/sofia-cid-no-300x200.jpeg 300w, https:\/\/www.radioamigavallenar.cl\/wp-content\/uploads\/2019\/11\/sofia-cid-no-768x512.jpeg 768w, https:\/\/www.radioamigavallenar.cl\/wp-content\/uploads\/2019\/11\/sofia-cid-no.jpeg 1280w\" sizes=\"auto, (max-width: 1024px) 100vw, 1024px\" \/><\/figure>\n\n\n\n<p>Completamente en desacuerdo con el anuncio que se realiz\u00f3 reciente desde la Superintendencia de Servicios Sanitarios (SISS) respecto de una eventual alza tarifaria de un 15% en las cuentas del agua en la regi\u00f3n de Atacama se mostr\u00f3 la Diputada Sof\u00eda Cid Versalovic.<\/p>\n\n\n\n<p>La parlamentaria de RN, mencion\u00f3 que la regi\u00f3n ha sufrido por la sequ\u00eda durante a\u00f1os, por lo que&nbsp; sabemos perfectamente lo complicada que es la situaci\u00f3n h\u00eddrica.<\/p>\n\n\n\n<p>\u201cAunque la informaci\u00f3n aparecida en la prensa aun no es una versi\u00f3n oficial y es algo que se deber\u00e1 de ratificar en los respectivos procesos, esto tendr\u00eda una aplicaci\u00f3n en el a\u00f1o 2021, por lo que estamos a tiempo de realizar todas las gestiones que est\u00e9n a mi alcance para evitar dicha alza\u201d, dijo Cid.<\/p>\n\n\n\n<p>\u201cEs muy importante que los habitantes de Atacama sepan que mi postura frente a las demandas sociales es clara, y se refleja en mi trabajo parlamentario: en el cuidado de los adultos mayores, en la educaci\u00f3n, en la juventud, en los emprendedores y las pymes, en los aspectos esenciales de la econom\u00eda de las familias de mi regi\u00f3n, y en eso he demostrado m\u00e1s que con discursos, con trabajo parlamentario en la C\u00e1mara de Diputados\u201d, coment\u00f3 Cid Versalovic.<\/p>\n\n\n\n<p>La legisladora indic\u00f3 que \u201cen contacto con mis vecinos de Atacama se me consult\u00f3 por este eventual aumento de la tarifa del agua potable, y lo vuelvo a reiterar, que esto aun no es algo oficial, por lo que no existen 100% de certeza que se vaya a aplicar, pero frente a esa posibilidad, estoy en total rechazo y desde cualquier punto de vista. Lo que estoy haciendo recientemente es requerir la confirmaci\u00f3n oficial de los organismos competentes y solicitar a nivel central que se eval\u00fae, para poder evitar o mitigar un eventual aumento del precio final\u201d.<\/p>\n\n\n\n<p>Al finalizar, destac\u00f3 Sof\u00eda Cid que \u201clo que s\u00ed es realmente importante, es poder contar con una planta de esta naturaleza para la regi\u00f3n, tanto por la calidad del agua como por la sequ\u00eda y sin duda esto vendr\u00e1 a aliviar el gran d\u00e9ficit que padecemos, pero no permitir\u00e9 que sean los usuarios del servicio del agua potable los que deban pagan esa diferencia en la tarifa\u201d, finaliz\u00f3.<\/p>\n","protected":false},"excerpt":{"rendered":"<p>Completamente en desacuerdo con el anuncio que se realiz\u00f3 reciente desde la Superintendencia de Servicios Sanitarios (SISS) respecto de una eventual alza tarifaria de un&hellip; <\/p>\n","protected":false},"author":2,"featured_media":18479,"comment_status":"open","ping_status":"closed","sticky":false,"template":"","format":"standard","meta":{"footnotes":""},"categories":[7],"tags":[],"class_list":["post-18478","post","type-post","status-publish","format-standard","has-post-thumbnail","hentry","category-atacama"],"_links":{"self":[{"href":"https:\/\/www.radioamigavallenar.cl\/index.php?rest_route=\/wp\/v2\/posts\/18478","targetHints":{"allow":["GET"]}}],"collection":[{"href":"https:\/\/www.radioamigavallenar.cl\/index.php?rest_route=\/wp\/v2\/posts"}],"about":[{"href":"https:\/\/www.radioamigavallenar.cl\/index.php?rest_route=\/wp\/v2\/types\/post"}],"author":[{"embeddable":true,"href":"https:\/\/www.radioamigavallenar.cl\/index.php?rest_route=\/wp\/v2\/users\/2"}],"replies":[{"embeddable":true,"href":"https:\/\/www.radioamigavallenar.cl\/index.php?rest_route=%2Fwp%2Fv2%2Fcomments&post=18478"}],"version-history":[{"count":0,"href":"https:\/\/www.radioamigavallenar.cl\/index.php?rest_route=\/wp\/v2\/posts\/18478\/revisions"}],"wp:featuredmedia":[{"embeddable":true,"href":"https:\/\/www.radioamigavallenar.cl\/index.php?rest_route=\/wp\/v2\/media\/18479"}],"wp:attachment":[{"href":"https:\/\/www.radioamigavallenar.cl\/index.php?rest_route=%2Fwp%2Fv2%2Fmedia&parent=18478"}],"wp:term":[{"taxonomy":"category","embeddable":true,"href":"https:\/\/www.radioamigavallenar.cl\/index.php?rest_route=%2Fwp%2Fv2%2Fcategories&post=18478"},{"taxonomy":"post_tag","embeddable":true,"href":"https:\/\/www.radioamigavallenar.cl\/index.php?rest_route=%2Fwp%2Fv2%2Ftags&post=18478"}],"curies":[{"name":"wp","href":"https:\/\/api.w.org\/{rel}","templated":true}]}}