{"id":18463,"date":"2019-11-23T00:23:17","date_gmt":"2019-11-23T03:23:17","guid":{"rendered":"https:\/\/www.radioamigavallenar.cl\/?p=18463"},"modified":"2019-11-23T00:23:18","modified_gmt":"2019-11-23T03:23:18","slug":"seremi-de-hacienda-y-economia-se-reunen-con-la-banca-regional-en-busca-de-apoyo-hacia-las-pymes","status":"publish","type":"post","link":"https:\/\/www.radioamigavallenar.cl\/?p=18463","title":{"rendered":"Seremi de Hacienda y Econom\u00eda se re\u00fanen con la Banca Regional en busca de apoyo hacia las Pymes"},"content":{"rendered":"\n<figure class=\"wp-block-image size-large\"><img loading=\"lazy\" decoding=\"async\" width=\"1024\" height=\"586\" src=\"https:\/\/www.radioamigavallenar.cl\/wp-content\/uploads\/2019\/11\/IMG_3176-1024x586.jpg\" alt=\"\" class=\"wp-image-18464\" srcset=\"https:\/\/www.radioamigavallenar.cl\/wp-content\/uploads\/2019\/11\/IMG_3176-1024x586.jpg 1024w, https:\/\/www.radioamigavallenar.cl\/wp-content\/uploads\/2019\/11\/IMG_3176-1024x586-300x172.jpg 300w, https:\/\/www.radioamigavallenar.cl\/wp-content\/uploads\/2019\/11\/IMG_3176-1024x586-768x440.jpg 768w\" sizes=\"auto, (max-width: 1024px) 100vw, 1024px\" \/><\/figure>\n\n\n\n<p><strong>El llamado es a aprovechar la oferta financiera antes de que termine el mes.<\/strong><\/p>\n\n\n\n<ul class=\"wp-block-list\"><li><strong>Los agentes regionales dieron cuenta de los planes y programas que tiene cada banco para darle un alivio a las Pymes.<\/strong><\/li><\/ul>\n\n\n\n<p>Con el objetivo de buscar fuentes de financiamiento para las Pymes que han sufrido da\u00f1os o ca\u00eddas en sus ventas por los hechos ocurridos en las \u00faltimas semanas, los Seremi de Hacienda, Soledad Lingua, y de Econom\u00eda, Manuel Nanjar\u00ed, convocaron a los agentes de la Banca Regional para analizar la contingencia y c\u00f3mo esta ha afectado a cientos de comerciantes y emprendedores, principalmente de la ciudad de Copiap\u00f3.<\/p>\n\n\n\n<p>A la cita acudieron los agentes de Banco Estado, Banco Chile y Banco de Cr\u00e9dito e Inversiones, adem\u00e1s de la ejecutiva de la Banca Microempresa de Banco Estado. Todos ellos coincidieron en que la banca ha tomado medidas para reducir la carga financiera de las Pymes. En este sentido, los agentes contaron entre sus medidas de apoyo: suspensi\u00f3n de cuotas (como se hizo tambi\u00e9n para los aluviones) traspas\u00e1ndolas para la fecha final del cr\u00e9dito; entrega de cr\u00e9ditos de emergencia con tasas especialmente bajas; reestructuraci\u00f3n de deuda con tres meses de gracia; entre otras, seg\u00fan las distintas entidades financieras.<\/p>\n\n\n\n<p>Soledad Lingua enfatiz\u00f3 la importancia de que la banca sea un salvavidas para las Pymes en estos momentos complejos y agradeci\u00f3 la disposici\u00f3n de los presentes por buscar la forma de ser un aporte a la econom\u00eda regional tan golpeada durante la \u00faltima d\u00e9cada.<\/p>\n\n\n\n<p>El Agente Sepp Meyer del Banco de Cr\u00e9dito e Inversiones, coment\u00f3 que justamente hoy su entidad hab\u00eda lanzado un programa de apoyo a empresas con peligro de quiebra llamado Plan Renace, que dar\u00eda no solo apoyo financiero sino administrativo e integral a aquellos emprendedores que estuviesen en riesgo de cerrar para siempre las puertas de su emprendimiento.<\/p>\n\n\n\n<p>Carlos Artigas de Banco Estado recalc\u00f3 que cuentan con un conjunto de herramientas para ir en apoyo tanto de Pymes como de personas naturales que estuviesen atravesando una situaci\u00f3n econ\u00f3mica complicada. Marcelo Schoeler, por su parte, del Banco de Chile indic\u00f3 que se tiene atribuciones a nivel regional para poder actuar con celeridad y entregar estas facilidades antes que se termine el mes de noviembre.<\/p>\n","protected":false},"excerpt":{"rendered":"<p>El llamado es a aprovechar la oferta financiera antes de que termine el mes. Los agentes regionales dieron cuenta de los planes y programas que&hellip; <\/p>\n","protected":false},"author":2,"featured_media":18464,"comment_status":"open","ping_status":"closed","sticky":false,"template":"","format":"standard","meta":{"footnotes":""},"categories":[7],"tags":[],"class_list":["post-18463","post","type-post","status-publish","format-standard","has-post-thumbnail","hentry","category-atacama"],"_links":{"self":[{"href":"https:\/\/www.radioamigavallenar.cl\/index.php?rest_route=\/wp\/v2\/posts\/18463","targetHints":{"allow":["GET"]}}],"collection":[{"href":"https:\/\/www.radioamigavallenar.cl\/index.php?rest_route=\/wp\/v2\/posts"}],"about":[{"href":"https:\/\/www.radioamigavallenar.cl\/index.php?rest_route=\/wp\/v2\/types\/post"}],"author":[{"embeddable":true,"href":"https:\/\/www.radioamigavallenar.cl\/index.php?rest_route=\/wp\/v2\/users\/2"}],"replies":[{"embeddable":true,"href":"https:\/\/www.radioamigavallenar.cl\/index.php?rest_route=%2Fwp%2Fv2%2Fcomments&post=18463"}],"version-history":[{"count":0,"href":"https:\/\/www.radioamigavallenar.cl\/index.php?rest_route=\/wp\/v2\/posts\/18463\/revisions"}],"wp:featuredmedia":[{"embeddable":true,"href":"https:\/\/www.radioamigavallenar.cl\/index.php?rest_route=\/wp\/v2\/media\/18464"}],"wp:attachment":[{"href":"https:\/\/www.radioamigavallenar.cl\/index.php?rest_route=%2Fwp%2Fv2%2Fmedia&parent=18463"}],"wp:term":[{"taxonomy":"category","embeddable":true,"href":"https:\/\/www.radioamigavallenar.cl\/index.php?rest_route=%2Fwp%2Fv2%2Fcategories&post=18463"},{"taxonomy":"post_tag","embeddable":true,"href":"https:\/\/www.radioamigavallenar.cl\/index.php?rest_route=%2Fwp%2Fv2%2Ftags&post=18463"}],"curies":[{"name":"wp","href":"https:\/\/api.w.org\/{rel}","templated":true}]}}