{"id":18460,"date":"2019-11-23T00:22:09","date_gmt":"2019-11-23T03:22:09","guid":{"rendered":"https:\/\/www.radioamigavallenar.cl\/?p=18460"},"modified":"2019-11-23T00:22:10","modified_gmt":"2019-11-23T03:22:10","slug":"aclaran-funcion-de-alambres-colgados-en-arboles-en-copiapo-y-vallenar","status":"publish","type":"post","link":"https:\/\/www.radioamigavallenar.cl\/?p=18460","title":{"rendered":"Aclaran funci\u00f3n de \u201calambres\u201d colgados en \u00e1rboles en Copiap\u00f3 y Vallenar"},"content":{"rendered":"\n<figure class=\"wp-block-image size-large\"><img loading=\"lazy\" decoding=\"async\" width=\"1019\" height=\"686\" src=\"https:\/\/www.radioamigavallenar.cl\/wp-content\/uploads\/2019\/11\/Anillos-4.jpg\" alt=\"\" class=\"wp-image-18461\" srcset=\"https:\/\/www.radioamigavallenar.cl\/wp-content\/uploads\/2019\/11\/Anillos-4.jpg 1019w, https:\/\/www.radioamigavallenar.cl\/wp-content\/uploads\/2019\/11\/Anillos-4-300x202.jpg 300w, https:\/\/www.radioamigavallenar.cl\/wp-content\/uploads\/2019\/11\/Anillos-4-768x517.jpg 768w\" sizes=\"auto, (max-width: 1019px) 100vw, 1019px\" \/><\/figure>\n\n\n\n<p>El Servicio Agr\u00edcola y Ganadero, SAG, aclar\u00f3 a la comunidad que los \u201calambres\u201d de tono rojizo que se ven colgados en \u00e1rboles y arbustos de Copiap\u00f3 y Vallenar corresponden a anillos emisores de feromonas para el control espec\u00edfico de la plaga polilla de la vid (<em>Lobesia botrana<\/em>), elementos que deben permanecer en su lugar por un periodo de al menos cinco meses, y que en ning\u00fan caso se usan para marcar casas u otros fines ajenos, como se ha se\u00f1alado.<\/p>\n\n\n\n<p>As\u00ed lo dio a conocer la directora regional del servicio, Mei Maggi Achu, indicando que como, en general, se desconoce la utilidad de los anillos, es bueno explicar que los emisores fueron instalados a contar del mes de septiembre en patios de viviendas y en calles, por parte de inspectores e inspectoras debidamente identificados.<\/p>\n\n\n\n<p>\u201cLos anillos no afectan a otros insectos, animales, plantas ni a las personas, y como en otros a\u00f1os, se cuelgan en lugares en que anteriormente se han encontrado ejemplares aislados de la plaga\u201d, manifest\u00f3.<\/p>\n\n\n\n<p>A\u00f1adi\u00f3 que estos elementos emiten al ambiente una feromona similar a la que produce la hembra para atraer al macho, por lo cual este se confunde y no logra aparearse, evitando con ello su reproducci\u00f3n y una posible dispersi\u00f3n de la plaga.<\/p>\n\n\n\n<p>\u201cLos anillos est\u00e1n activos alrededor de cinco meses, luego se agotan. Durante este periodo pedimos a la comunidad que los dejen su lugar y que de aviso al SAG de cualquier problema con ellos\u201d, apunt\u00f3 la autoridad.<\/p>\n\n\n\n<p>Los emisores son un complemento a la red de trampas instaladas en diversos puntos de la regi\u00f3n, la que compone el principal sistema de vigilancia temprana de la plaga. La polilla de la vid hasta ahora no se ha establecido en Atacama, pero s\u00ed est\u00e1 presente en la zona central del pa\u00eds. Por ello, Maggi pidi\u00f3 a la comunidad no traer plantas de vid ni fruta fresca desde la zona central ya que aumenta el riesgo de trasladar la plaga a la regi\u00f3n.<\/p>\n\n\n\n<p>En este sentido, el Secretario Regional Ministerial de Agricultura, Patricio Araya Vargas, estim\u00f3 que \u201ces importante contar con la colaboraci\u00f3n de todo el sector productivo frut\u00edcola para mantener a raya esta plaga, tanto productores, transportistas y comercializadores, y tambi\u00e9n la comunidad. Por ello, en las zonas urbanas le pedimos a los vecinos cuidar trampas y anillos, ya que en el fondo contribuyen al desarrollo de la actividad econ\u00f3mica de la regi\u00f3n\u201d.<\/p>\n","protected":false},"excerpt":{"rendered":"<p>El Servicio Agr\u00edcola y Ganadero, SAG, aclar\u00f3 a la comunidad que los \u201calambres\u201d de tono rojizo que se ven colgados en \u00e1rboles y arbustos de&hellip; <\/p>\n","protected":false},"author":2,"featured_media":18461,"comment_status":"open","ping_status":"closed","sticky":false,"template":"","format":"standard","meta":{"footnotes":""},"categories":[7,1,2],"tags":[],"class_list":["post-18460","post","type-post","status-publish","format-standard","has-post-thumbnail","hentry","category-atacama","category-provincia-del-huasco-2","category-vallenar"],"_links":{"self":[{"href":"https:\/\/www.radioamigavallenar.cl\/index.php?rest_route=\/wp\/v2\/posts\/18460","targetHints":{"allow":["GET"]}}],"collection":[{"href":"https:\/\/www.radioamigavallenar.cl\/index.php?rest_route=\/wp\/v2\/posts"}],"about":[{"href":"https:\/\/www.radioamigavallenar.cl\/index.php?rest_route=\/wp\/v2\/types\/post"}],"author":[{"embeddable":true,"href":"https:\/\/www.radioamigavallenar.cl\/index.php?rest_route=\/wp\/v2\/users\/2"}],"replies":[{"embeddable":true,"href":"https:\/\/www.radioamigavallenar.cl\/index.php?rest_route=%2Fwp%2Fv2%2Fcomments&post=18460"}],"version-history":[{"count":0,"href":"https:\/\/www.radioamigavallenar.cl\/index.php?rest_route=\/wp\/v2\/posts\/18460\/revisions"}],"wp:featuredmedia":[{"embeddable":true,"href":"https:\/\/www.radioamigavallenar.cl\/index.php?rest_route=\/wp\/v2\/media\/18461"}],"wp:attachment":[{"href":"https:\/\/www.radioamigavallenar.cl\/index.php?rest_route=%2Fwp%2Fv2%2Fmedia&parent=18460"}],"wp:term":[{"taxonomy":"category","embeddable":true,"href":"https:\/\/www.radioamigavallenar.cl\/index.php?rest_route=%2Fwp%2Fv2%2Fcategories&post=18460"},{"taxonomy":"post_tag","embeddable":true,"href":"https:\/\/www.radioamigavallenar.cl\/index.php?rest_route=%2Fwp%2Fv2%2Ftags&post=18460"}],"curies":[{"name":"wp","href":"https:\/\/api.w.org\/{rel}","templated":true}]}}