{"id":18408,"date":"2019-11-21T00:00:00","date_gmt":"2019-11-21T03:00:00","guid":{"rendered":"https:\/\/www.radioamigavallenar.cl\/?p=18408"},"modified":"2019-11-20T22:47:33","modified_gmt":"2019-11-21T01:47:33","slug":"bajo-el-slogan-el-campo-cuenta-ine-llevara-a-cabo-el-viii-censo-agropecuario-y-forestal-2020","status":"publish","type":"post","link":"https:\/\/www.radioamigavallenar.cl\/?p=18408","title":{"rendered":"Bajo el slogan \u201cEL CAMPO CUENTA\u201d: INE llevar\u00e1 a cabo el VIII Censo Agropecuario y Forestal 2020"},"content":{"rendered":"\n<div class=\"wp-block-image\"><figure class=\"aligncenter size-large is-resized\"><img loading=\"lazy\" decoding=\"async\" src=\"https:\/\/www.radioamigavallenar.cl\/wp-content\/uploads\/2019\/11\/INE-CENSO-1.jpg\" alt=\"\" class=\"wp-image-18409\" width=\"497\" height=\"662\" srcset=\"https:\/\/www.radioamigavallenar.cl\/wp-content\/uploads\/2019\/11\/INE-CENSO-1.jpg 720w, https:\/\/www.radioamigavallenar.cl\/wp-content\/uploads\/2019\/11\/INE-CENSO-1-225x300.jpg 225w\" sizes=\"auto, (max-width: 497px) 100vw, 497px\" \/><\/figure><\/div>\n\n\n\n<p><strong>A partir de hoy 21 de noviembre hasta el 20 de diciembre comenzar\u00e1n con una prueba piloto que se realizar\u00e1 en 4 distritos censales de la comuna de Copiap\u00f3.<\/strong><\/p>\n\n\n\n<p>El INE se encargar\u00e1 de la planificaci\u00f3n, construcci\u00f3n, recolecci\u00f3n, procesamiento y validaci\u00f3n de datos, an\u00e1lisis de resultados, difusi\u00f3n y evaluaci\u00f3n y retroalimentaci\u00f3n del censo, cuyo levantamiento est\u00e1 contemplado para el periodo abril a julio de 2020.<\/p>\n\n\n\n<p>El VIII Censo Agropecuario y Forestal 2020 es la fuente m\u00e1s importante en la generaci\u00f3n de informaci\u00f3n estad\u00edstica en base a la cual el gobierno, autoridades y organizaciones del sector p\u00fablico y del sector privado orientan sus decisiones y recursos de manera m\u00e1s efectiva para contribuir al desarrollo del sector agr\u00edcola, su gente, las zonas rurales, y finalmente de todos los chilenos. Proporciona datos indispensables para la investigaci\u00f3n agropecuaria en profundidad que puede respaldar la planificaci\u00f3n y la formulaci\u00f3n de mejores pol\u00edticas p\u00fablicas. El censo tiene tambi\u00e9n gran valor para el sector privado, porque permite que los productores cuenten con la informaci\u00f3n adecuada para tomar mejores decisiones.<\/p>\n\n\n\n<p>Esta investigaci\u00f3n estad\u00edstica la lleva a cabo el Instituto Nacional de Estad\u00edsticas, INE, encargado de las estad\u00edsticas oficiales del pa\u00eds y cuya labor est\u00e1 sujeta al estricto cumplimiento del secreto estad\u00edstico que resguarda la informaci\u00f3n que entregan los entrevistados.<\/p>\n\n\n\n<p>\u201cSeg\u00fan la FAO, el programa mundial del censo agropecuario es la fuente m\u00e1s importante y completa de informaci\u00f3n sobre el sector agropecuario y forestal, y sus usos son m\u00faltiples y de largo alcance, ayudando a los gobiernos y productores del sector a orientar los recursos de manera m\u00e1s efectiva y eficiente, a trav\u00e9s, de una mejor planificaci\u00f3n para los pr\u00f3ximos a\u00f1os, es decir, entrega datos de calidad estad\u00edstica necesarios para avanzar en la formulaci\u00f3n de mejores Pol\u00edticas P\u00fablicas, mejorar planes y programas. Asimismo, a los productores les permite redise\u00f1ar distintos modelos de negocios antes de comenzar a invertir\u201d, declar\u00f3 el Seremi de Econom\u00eda, Fomento y Turismo, Manuel Nanjar\u00ed Contreras, a lo que agreg\u00f3 que: \u201cNuestro pa\u00eds se est\u00e1 preparando para el mayor censo agropecuario a nivel global, que realizar\u00e1 el pr\u00f3ximo a\u00f1o, el que contempla una medici\u00f3n m\u00e1s amplia y de calidad, necesaria para aprovechar y orientar las directrices del sector. \u201c<\/p>\n\n\n\n<p>Esta prueba piloto censal, entre otros objetivos, se orienta a testear aspectos operativos y t\u00e9cnicos del levantamiento que permitan mejorar la planificaci\u00f3n, ejecuci\u00f3n y control del VIII Censo Agropecuario y Forestal 2020 y as\u00ed garantizar la calidad de sus resultados. Este Censo se realiza por encargo de la Oficina de Estudios y Pol\u00edticas Agrarias (ODEPA) del Ministerio de Agricultura, quien es el mandante y transfiere los recursos para su ejecuci\u00f3n.<\/p>\n\n\n\n<p>En ese sentido, el Secretario Regional Ministerial de Agricultura, Patricio Araya Vargas se\u00f1al\u00f3 que \u201cLa realizaci\u00f3n de este censo es importante para las diversas pol\u00edticas que desarrolla nuestra cartera. El conocimiento de cu\u00e1l es el uso del suelo que en la actualidad se da en la actividad agr\u00edcola regional y los cambios tecnol\u00f3gicos que se est\u00e1n realizando a nivel predial, tales como la introducci\u00f3n de nuevas variedades de uvas de exportaci\u00f3n y de olivos, la incorporaci\u00f3n de riego tecnificado y muchas otras variables, nos permite orientar los programas que el Ministerio desarrolla en el sector agr\u00edcola\u201d.<\/p>\n\n\n\n<p>Durante el per\u00edodo ya indicado un equipo compuesto por 7 profesionales del \u00e1rea agr\u00edcola, debidamente identificados con una credencial institucional, estar\u00e1n visitando a los productores del valle de Copiap\u00f3 e indagando sobre los principales usos de las Unidades Productivas Agr\u00edcolas (UPA), los tipos de maquinaria utilizados en ellas y qu\u00e9 pr\u00e1cticas de manejo medioambientales se realizan, etc. Tambi\u00e9n se abordar\u00e1n preguntas relativas al n\u00famero de trabajadores permanentes y temporales, sistema de riego, la ganader\u00eda y aves, entre otras materias.<\/p>\n\n\n\n<p>Aldo Morales Ferreira, Encargado Operativo Regional de este proyecto se\u00f1al\u00f3: \u00abEl Censo Agropecuario y Forestal 2020 parte con una Prueba Piloto Integral que se realizar\u00e1 entre noviembre y diciembre del presente a\u00f1o, esta prueba nos permitir\u00e1 verificar en terreno los procedimientos y el funcionamiento de los dispositivos tecnol\u00f3gicos que se usar\u00e1n durante el Censo. Cabe se\u00f1alar que durante esta prueba tanto los 2 coordinadores, como el equipo que trabajar\u00e1 en terreno que corresponde a 5 recolectores y 1 supervisor, hemos sido capacitados intensamente para el desarrollo del proceso. Ser\u00e1n 4 los sectores de la comuna de Copiap\u00f3 los que formar\u00e1n parte de esta Prueba Piloto\u201d.<\/p>\n\n\n\n<p>Para el Censo Agropecuario y Forestal del pr\u00f3ximo a\u00f1o, se har\u00e1 un barrido de todas las comunas de la regi\u00f3n identificando todos los componentes que involucra la actividad agr\u00edcola, ganadera y forestal en cada una de las explotaciones.<\/p>\n\n\n\n<p>Por otra parte, Eduardo Mur\u00faa Malla, Director Regional (S) del INE Atacama: \u201chace un llamado a los productores del Valle de Copiap\u00f3, a responder con absoluta confianza a las consultas que le har\u00e1 nuestro grupo de Recolectores, toda vez que la informaci\u00f3n que ellos entregar\u00e1n se encuentra protegida por el Secreto Estad\u00edstico, se\u00f1alado en la Ley 17.374. Asimismo, indic\u00f3 que todo el proceso permitir\u00e1 evaluar cada una de las actividades incorporadas en este proyecto.<\/p>\n","protected":false},"excerpt":{"rendered":"<p>A partir de hoy 21 de noviembre hasta el 20 de diciembre comenzar\u00e1n con una prueba piloto que se realizar\u00e1 en 4 distritos censales de&hellip; <\/p>\n","protected":false},"author":2,"featured_media":18409,"comment_status":"open","ping_status":"closed","sticky":false,"template":"","format":"standard","meta":{"footnotes":""},"categories":[7],"tags":[],"class_list":["post-18408","post","type-post","status-publish","format-standard","has-post-thumbnail","hentry","category-atacama"],"_links":{"self":[{"href":"https:\/\/www.radioamigavallenar.cl\/index.php?rest_route=\/wp\/v2\/posts\/18408","targetHints":{"allow":["GET"]}}],"collection":[{"href":"https:\/\/www.radioamigavallenar.cl\/index.php?rest_route=\/wp\/v2\/posts"}],"about":[{"href":"https:\/\/www.radioamigavallenar.cl\/index.php?rest_route=\/wp\/v2\/types\/post"}],"author":[{"embeddable":true,"href":"https:\/\/www.radioamigavallenar.cl\/index.php?rest_route=\/wp\/v2\/users\/2"}],"replies":[{"embeddable":true,"href":"https:\/\/www.radioamigavallenar.cl\/index.php?rest_route=%2Fwp%2Fv2%2Fcomments&post=18408"}],"version-history":[{"count":0,"href":"https:\/\/www.radioamigavallenar.cl\/index.php?rest_route=\/wp\/v2\/posts\/18408\/revisions"}],"wp:featuredmedia":[{"embeddable":true,"href":"https:\/\/www.radioamigavallenar.cl\/index.php?rest_route=\/wp\/v2\/media\/18409"}],"wp:attachment":[{"href":"https:\/\/www.radioamigavallenar.cl\/index.php?rest_route=%2Fwp%2Fv2%2Fmedia&parent=18408"}],"wp:term":[{"taxonomy":"category","embeddable":true,"href":"https:\/\/www.radioamigavallenar.cl\/index.php?rest_route=%2Fwp%2Fv2%2Fcategories&post=18408"},{"taxonomy":"post_tag","embeddable":true,"href":"https:\/\/www.radioamigavallenar.cl\/index.php?rest_route=%2Fwp%2Fv2%2Ftags&post=18408"}],"curies":[{"name":"wp","href":"https:\/\/api.w.org\/{rel}","templated":true}]}}